{"id":14008,"date":"2023-04-26T14:00:31","date_gmt":"2023-04-26T17:00:31","guid":{"rendered":"https:\/\/hostnetart.com.br\/baixada\/portas-giratorias-em-bancos-de-porto-alegre-continuarao-sendo-obrigatorias\/"},"modified":"2023-04-26T14:00:31","modified_gmt":"2023-04-26T17:00:31","slug":"portas-giratorias-em-bancos-de-porto-alegre-continuarao-sendo-obrigatorias","status":"publish","type":"post","link":"https:\/\/hostnetart.com.br\/baixada\/portas-giratorias-em-bancos-de-porto-alegre-continuarao-sendo-obrigatorias\/","title":{"rendered":"Portas girat\u00f3rias em bancos de Porto Alegre continuar\u00e3o sendo obrigat\u00f3rias"},"content":{"rendered":"<p>A C\u00e2mara de Vereadores de Porto Alegre manteve o veto parcial que o prefeito Sebasti\u00e3o Melo (MDB) imp\u00f4s ao Projeto de Lei 244\/2022. De autoria do vereador Ramiro Ros\u00e1rio (PSDB), o projeto previa o fim da obrigatoriedade de portas de seguran\u00e7a nas ag\u00eancias banc\u00e1rias da Capital. Agora, com a manuten\u00e7\u00e3o do veto parcial, segue mantida a necessidade de instala\u00e7\u00e3o dos equipamentos nos locais em que houver movimenta\u00e7\u00e3o de dinheiro.<\/p>\n<p>Os 35 vereadores presentes na sess\u00e3o plen\u00e1ria desta segunda-feira (24) foram favor\u00e1veis \u00e0 manuten\u00e7\u00e3o do veto do prefeito Melo, concedido em mar\u00e7o. Diversos integrantes da categoria banc\u00e1ria e representantes do Sindicato dos Banc\u00e1rios (SindBanc\u00e1rios) e da Federa\u00e7\u00e3o dos Trabalhadores em Institui\u00e7\u00f5es Financeiras (Fetrafi\/RS) estiveram presentes e comemoraram a decis\u00e3o.<\/p>\n<p>Segundo o presidente do SindBanc\u00e1rios, Luciano Fetzner, o veto parcial foi uma vit\u00f3ria muito importante, apesar do debate sobre a seguran\u00e7a banc\u00e1ria n\u00e3o se encerrar. &#8220;Continuaremos lutando pela prote\u00e7\u00e3o da vida de todos os banc\u00e1rios e clientes&#8221;, afirmou.<\/p>\n<p><strong>Luta da categoria<\/strong><\/p>\n<p>A aprova\u00e7\u00e3o do PL em dezembro de 2022 foi por 21 votos contra 11. A categoria dos banc\u00e1rios e dos vigilantes alega que a aprova\u00e7\u00e3o na C\u00e2mara se deu sem debate sobre o tema com as partes interessadas, al\u00e9m de ter pulado o debate nas comiss\u00f5es da casa legislativa.<\/p>\n<p>Desde ent\u00e3o, representantes da categoria iniciaram mobiliza\u00e7\u00e3o para barrar a aprova\u00e7\u00e3o por parte do prefeito Sebasti\u00e3o Melo. SindBanc\u00e1rios e Fetrafi\/RS iniciaram uma campanha para divulga\u00e7\u00e3o dos riscos da retirada das portas de seguran\u00e7a das ag\u00eancias, tanto para os trabalhadores como para a popula\u00e7\u00e3o que acessa as ag\u00eancias.<\/p>\n<p>Al\u00e9m de campanhas comunicativas para conversar com a popula\u00e7\u00e3o, integrantes dos sindicatos realizaram uma a\u00e7\u00e3o intitulada &#8220;Caminhada da Morte&#8221;, visando alertar a popula\u00e7\u00e3o para os riscos do projeto.<\/p>\n<p>Dirigentes das entidades fizeram um trabalho de convencimento junto aos vereadores, obtendo o apoio inclusive de vereadores que se abstiveram da vota\u00e7\u00e3o em dezembro e de alguns que haviam votado favoravelmente ao PL 244.<\/p>\n<p><strong>Fonte: Brasil de Fato &#8211;\u00a0 Rio Grande do Sul<\/strong><\/p>\n","protected":false},"excerpt":{"rendered":"<p>A C\u00e2mara de Vereadores de Porto Alegre manteve o veto parcial que o prefeito Sebasti\u00e3o Melo (MDB) imp\u00f4s ao Projeto de Lei 244\/2022. De autoria do vereador Ramiro Ros\u00e1rio (PSDB), o projeto previa o fim da obrigatoriedade de portas de seguran\u00e7a nas ag\u00eancias banc\u00e1rias da Capital. Agora, com a manuten\u00e7\u00e3o do veto parcial, segue mantida [&hellip;]<\/p>\n","protected":false},"author":2,"featured_media":14007,"comment_status":"","ping_status":"","sticky":false,"template":"","format":"standard","meta":{"footnotes":""},"categories":[3],"tags":[],"class_list":["post-14008","post","type-post","status-publish","format-standard","has-post-thumbnail","hentry","category-noticias"],"_links":{"self":[{"href":"https:\/\/hostnetart.com.br\/baixada\/wp-json\/wp\/v2\/posts\/14008","targetHints":{"allow":["GET"]}}],"collection":[{"href":"https:\/\/hostnetart.com.br\/baixada\/wp-json\/wp\/v2\/posts"}],"about":[{"href":"https:\/\/hostnetart.com.br\/baixada\/wp-json\/wp\/v2\/types\/post"}],"author":[{"embeddable":true,"href":"https:\/\/hostnetart.com.br\/baixada\/wp-json\/wp\/v2\/users\/2"}],"replies":[{"embeddable":true,"href":"https:\/\/hostnetart.com.br\/baixada\/wp-json\/wp\/v2\/comments?post=14008"}],"version-history":[{"count":0,"href":"https:\/\/hostnetart.com.br\/baixada\/wp-json\/wp\/v2\/posts\/14008\/revisions"}],"wp:featuredmedia":[{"embeddable":true,"href":"https:\/\/hostnetart.com.br\/baixada\/wp-json\/wp\/v2\/media\/14007"}],"wp:attachment":[{"href":"https:\/\/hostnetart.com.br\/baixada\/wp-json\/wp\/v2\/media?parent=14008"}],"wp:term":[{"taxonomy":"category","embeddable":true,"href":"https:\/\/hostnetart.com.br\/baixada\/wp-json\/wp\/v2\/categories?post=14008"},{"taxonomy":"post_tag","embeddable":true,"href":"https:\/\/hostnetart.com.br\/baixada\/wp-json\/wp\/v2\/tags?post=14008"}],"curies":[{"name":"wp","href":"https:\/\/api.w.org\/{rel}","templated":true}]}}