{"id":14006,"date":"2023-04-26T13:33:18","date_gmt":"2023-04-26T16:33:18","guid":{"rendered":"https:\/\/hostnetart.com.br\/baixada\/categoria-se-mobiliza-para-valorizar-seguranca-e-saude-do-trabalho\/"},"modified":"2023-04-26T13:33:18","modified_gmt":"2023-04-26T16:33:18","slug":"categoria-se-mobiliza-para-valorizar-seguranca-e-saude-do-trabalho","status":"publish","type":"post","link":"https:\/\/hostnetart.com.br\/baixada\/categoria-se-mobiliza-para-valorizar-seguranca-e-saude-do-trabalho\/","title":{"rendered":"Categoria se mobiliza para valorizar seguran\u00e7a e sa\u00fade do trabalho"},"content":{"rendered":"<p>Os trabalhadores do ramo financeiro de todo o Brasil realizam, na sexta-feira (28), atos de luta para marcar o \u201cDia Mundial de Seguran\u00e7a e Sa\u00fade no Trabalho\u201d e o \u201cDia Nacional em Mem\u00f3ria das V\u00edtimas de Acidentes e Doen\u00e7as do Trabalho\u201d.<\/p>\n<p>Proposto pelos movimentos sociais dos Estados Unidos, a data \u00e9 uma homenagem a 78 trabalhadores que morreram nesse dia, em 1969, na explos\u00e3o de uma mina em Farmington, no estado da Virg\u00ednia. Em 2003, a Organiza\u00e7\u00e3o Internacional do Trabalho (OIT) elegeu o \u201c28 de abril\u201d como data dedicada a valorizar a seguran\u00e7a e a sa\u00fade do trabalho. Desde ent\u00e3o, manifesta\u00e7\u00f5es acontecem em todo o mundo.<\/p>\n<p>\u201cAs diferentes iniciativas, com pequenas varia\u00e7\u00f5es no nome, convergem na luta, que deve ser lembrada todos os dias, pela promo\u00e7\u00e3o do trabalho digno, seguro e saud\u00e1vel\u201d, salientou Mauro Salles, secret\u00e1rio da Sa\u00fade da Contraf-CUT.<\/p>\n<p>\u201c\u00c9 v\u00e1lido lembrar dos trabalhadores e trabalhadoras vitimados por acidentes do trabalho, doen\u00e7as profissionais e outras doen\u00e7as relacionadas ao trabalho, para que tais perdas humanas jamais voltem a acontecer. E que jamais sejam toleradas e \u2018naturalizadas\u2019 pela sociedade, pelos empregadores e pelos governos. E isto deve ser dito e repetido, no 28 de abril e em todos os outros dias do ano, todos os anos\u201d, completou o secret\u00e1rio.<\/p>\n<p>A categoria tamb\u00e9m vai se mobilizar nas redes sociais, a partir das 11 horas, com a #MenosMetasMaisSa\u00fade<\/p>\n<h3>Adoecimento e morte entre banc\u00e1rios<\/h3>\n<p>De 2012 a 2021, 42.138 banc\u00e1rios receberam o benef\u00edcio acident\u00e1rio reconhecido pelo INSS por conta de doen\u00e7as e acidentes relacionados ao trabalho. No mesmo per\u00edodo, 156.670 banc\u00e1rios tiveram reconhecido o afastamento por doen\u00e7a comum.<\/p>\n<p>Cerca de 54% destes benef\u00edcios comuns, no entanto, referem-se a doen\u00e7as caracter\u00edsticas do trabalho banc\u00e1rio: transtornos mentais, LER\/Dort e do sistema nervoso. Ou seja, o que foi reconhecido como acident\u00e1rio pelo INSS n\u00e3o condiz com a realidade, j\u00e1 que o adoecimento ligado ao trabalho \u00e9 muito maior do que o efetivamente reconhecido.<\/p>\n<p>Os dados s\u00e3o do Observat\u00f3rio de Seguran\u00e7a e Sa\u00fade no Trabalho \u2013 uma iniciativa do Minist\u00e9rio P\u00fablico do Trabalho (MPT), em coopera\u00e7\u00e3o com a Organiza\u00e7\u00e3o Internacional do Trabalho (OIT) \u2013 e foram compilados pelo Dieese.<\/p>\n<h3>Transtornos mentais nos bancos<\/h3>\n<p>A partir de 2013, transtornos mentais e comportamentais passaram a ser a principal causa de afastamentos na categoria banc\u00e1ria. De 2012 a 2021, apenas os transtornos mentais foram respons\u00e1veis por 5% dos afastamentos por acidentes de trabalho (aux\u00edlio previdenci\u00e1rio B-91), e 10% dos afastamentos por doen\u00e7as comuns (B-31), nos grupos econ\u00f4micos em geral (conjunto total dos trabalhadores brasileiros).<\/p>\n<p>Por\u00e9m, no mesmo per\u00edodo, no setor econ\u00f4mico em que est\u00e3o inseridos os bancos e as financeiras, os transtornos mentais representaram 39% dos afastamentos por acidentes e doen\u00e7as do trabalho e 29% dos afastamentos n\u00e3o reconhecidos como acidente ou doen\u00e7a do trabalho.\u201cOu seja, mesmo subnotificadas e n\u00e3o reconhecidas como tais, as doen\u00e7as do trabalho que acometem os banc\u00e1rios s\u00e3o um alarmante sinal de um sistema de organiza\u00e7\u00e3o do trabalho que adoece muito mais que outras categorias\u201d, afirma Salles. \u201cJ\u00e1 passou da hora de os bancos serem responsabilizados por esta pr\u00e1tica agressiva e criarem um ambiente de trabalho que realmente respeite o ser humano\u201d, completou.<\/p>\n<p><strong>Fonte: Contraf-CUT<\/strong><\/p>\n","protected":false},"excerpt":{"rendered":"<p>Os trabalhadores do ramo financeiro de todo o Brasil realizam, na sexta-feira (28), atos de luta para marcar o \u201cDia Mundial de Seguran\u00e7a e Sa\u00fade no Trabalho\u201d e o \u201cDia Nacional em Mem\u00f3ria das V\u00edtimas de Acidentes e Doen\u00e7as do Trabalho\u201d. Proposto pelos movimentos sociais dos Estados Unidos, a data \u00e9 uma homenagem a 78 [&hellip;]<\/p>\n","protected":false},"author":2,"featured_media":14005,"comment_status":"","ping_status":"","sticky":false,"template":"","format":"standard","meta":{"footnotes":""},"categories":[3],"tags":[],"class_list":["post-14006","post","type-post","status-publish","format-standard","has-post-thumbnail","hentry","category-noticias"],"_links":{"self":[{"href":"https:\/\/hostnetart.com.br\/baixada\/wp-json\/wp\/v2\/posts\/14006","targetHints":{"allow":["GET"]}}],"collection":[{"href":"https:\/\/hostnetart.com.br\/baixada\/wp-json\/wp\/v2\/posts"}],"about":[{"href":"https:\/\/hostnetart.com.br\/baixada\/wp-json\/wp\/v2\/types\/post"}],"author":[{"embeddable":true,"href":"https:\/\/hostnetart.com.br\/baixada\/wp-json\/wp\/v2\/users\/2"}],"replies":[{"embeddable":true,"href":"https:\/\/hostnetart.com.br\/baixada\/wp-json\/wp\/v2\/comments?post=14006"}],"version-history":[{"count":0,"href":"https:\/\/hostnetart.com.br\/baixada\/wp-json\/wp\/v2\/posts\/14006\/revisions"}],"wp:featuredmedia":[{"embeddable":true,"href":"https:\/\/hostnetart.com.br\/baixada\/wp-json\/wp\/v2\/media\/14005"}],"wp:attachment":[{"href":"https:\/\/hostnetart.com.br\/baixada\/wp-json\/wp\/v2\/media?parent=14006"}],"wp:term":[{"taxonomy":"category","embeddable":true,"href":"https:\/\/hostnetart.com.br\/baixada\/wp-json\/wp\/v2\/categories?post=14006"},{"taxonomy":"post_tag","embeddable":true,"href":"https:\/\/hostnetart.com.br\/baixada\/wp-json\/wp\/v2\/tags?post=14006"}],"curies":[{"name":"wp","href":"https:\/\/api.w.org\/{rel}","templated":true}]}}