{"id":14004,"date":"2023-04-26T03:30:41","date_gmt":"2023-04-26T06:30:41","guid":{"rendered":"https:\/\/hostnetart.com.br\/baixada\/no-senado-presidente-do-bc-e-cobrado-por-juros-altos-e-ouve-pedido-de-renuncia\/"},"modified":"2023-04-26T03:30:41","modified_gmt":"2023-04-26T06:30:41","slug":"no-senado-presidente-do-bc-e-cobrado-por-juros-altos-e-ouve-pedido-de-renuncia","status":"publish","type":"post","link":"https:\/\/hostnetart.com.br\/baixada\/no-senado-presidente-do-bc-e-cobrado-por-juros-altos-e-ouve-pedido-de-renuncia\/","title":{"rendered":"No Senado, presidente do BC \u00e9 cobrado por juros altos e ouve pedido de ren\u00fancia"},"content":{"rendered":"<p>O presidente do Banco Central (BC), Roberto Campos Neto, foi cobrado sobre uma eventual redu\u00e7\u00e3o da taxa b\u00e1sica de juros do pa\u00eds, a Selic, em audi\u00eancia na Comiss\u00e3o de Assuntos Econ\u00f4micos (CAE) do Senado nesta ter\u00e7a-feira (25). L\u00e1, Campos Neto ouviu ainda uma sugest\u00e3o para que renunciasse a seu cargo \u2013 ele n\u00e3o comentou.<\/p>\n<p>O presidente do BC foi convocado pela CAE para falar sobre a Selic. A taxa est\u00e1 hoje em 13,75% ao ano, uma das mais altas do mundo. Seu n\u00edvel tem sido\u00a0<a href=\"https:\/\/www.brasildefato.com.br\/2023\/02\/07\/entenda-a-disputa-entre-lula-e-o-banco-central-e-o-que-esta-em-jogo-na-economia\" target=\"_blank\" rel=\"noopener noreferrer\">criticado frequentemente pelo presidente Luiz In\u00e1cio Lula da Silva (PT)<\/a>\u00a0pois, segundo ele, os juros altos atrapalham\u00a0a retomada do crescimento econ\u00f4mico do pa\u00eds.<\/p>\n<p>No Senado, diferentes membros da CAE tamb\u00e9m pediram uma redu\u00e7\u00e3o da Selic. Refor\u00e7aram os efeitos danosos dessa alta taxa sobre indicadores econ\u00f4micos, como o desemprego, por exemplo.<\/p>\n<p>O senador Cid Gomes (PDT-CE) comparou alguns desses indicadores da economia do Brasil e dos Estados Unidos. Lembrou que l\u00e1 a infla\u00e7\u00e3o fechou 2022 mais alta que no Brasil. Ainda assim, os juros b\u00e1sicos da economia brasileira s\u00e3o o triplo dos estadunidenses. O percentual de trabalhadores desempregados aqui \u00e9 tr\u00eas vezes maior que nos EUA.<\/p>\n<p>Ap\u00f3s apresentar esses dados, Gomes sugeriu que Campo Neto, que foi nomeado ex-presidente Jair Bolsonaro (PSL), &#8220;pegasse seu bonezinho&#8221; e deixasse a presid\u00eancia do BC.<\/p>\n<p class=\"ckeditor-subtitle\"><strong>Campos Neto justifica<\/strong><\/p>\n<p>Campos Neto confirmou que os juros no Brasil s\u00e3o altos. Disse que o BC deseja que a taxa seja mais baixa e que vem trabalhando por isso.<\/p>\n<p>O presidente do BC ressaltou que, por lei, o BC tem que perseguir uma meta de infla\u00e7\u00e3o estabelecida pelo Conselho Monet\u00e1rio Nacional (CMN). Explicou que os juros est\u00e3o no patamar atual justamente para controle do aumento de pre\u00e7os.<\/p>\n<p>Segundo Campos Netto, se o BC n\u00e3o tivesse elevado os juros como fez em 2022, a infla\u00e7\u00e3o poderia ter fechado o ano passado em cerca de 10%. Isso for\u00e7aria o BC a aumentar\u00a0a taxa b\u00e1sica de juros para mais de 18% neste ano para controlar a alta dos pre\u00e7os.<\/p>\n<p>&#8220;Se o BC n\u00e3o tivesse subido os juros no ano eleitoral, ter\u00edamos uma infla\u00e7\u00e3o de 10% no ano passado, e n\u00e3o 5,8%. E hoje, para controlar a infla\u00e7\u00e3o, ter\u00edamos que ter juros de 18,75%&#8221;, afirmou Campos Neto. &#8220;O BC atuou antes, de forma aut\u00f4noma. Quanto mais o BC cedo atua, menor \u00e9 o custo para a sociedade.&#8221;<\/p>\n<p>O senador Fabiano Contarato (PT-ES) ressaltou que o debate sobre juros e infla\u00e7\u00e3o precisa considerar o dia-a-dia da popula\u00e7\u00e3o. Questionou Campos Neto sobre o custo do leite, do arroz e do feij\u00e3o, que t\u00eam subido acima do \u00edndice oficial da infla\u00e7\u00e3o.<\/p>\n<p>&#8220;Eu sei o custo da infla\u00e7\u00e3o para os mais pobres e muitos estudos mostram a perda de capacidade de compra da popula\u00e7\u00e3o&#8221;, respondeu Campos Neto. &#8220;A infla\u00e7\u00e3o \u00e9 o imposto mais perverso que existe, prejudicando os pobres.&#8221;<\/p>\n<p>&#8220;O BC n\u00e3o \u00e9 culpado por todas as mazelas da popula\u00e7\u00e3o&#8221;, acrescentou. &#8220;O BC sempre trabalha para ter a menor infla\u00e7\u00e3o poss\u00edvel com menor custo para a sociedade. A gente tem que buscar isso de forma sustent\u00e1vel.&#8221;<\/p>\n<p><strong>Fonte: Brasil de Fato<\/strong><\/p>\n","protected":false},"excerpt":{"rendered":"<p>O presidente do Banco Central (BC), Roberto Campos Neto, foi cobrado sobre uma eventual redu\u00e7\u00e3o da taxa b\u00e1sica de juros do pa\u00eds, a Selic, em audi\u00eancia na Comiss\u00e3o de Assuntos Econ\u00f4micos (CAE) do Senado nesta ter\u00e7a-feira (25). L\u00e1, Campos Neto ouviu ainda uma sugest\u00e3o para que renunciasse a seu cargo \u2013 ele n\u00e3o comentou. O [&hellip;]<\/p>\n","protected":false},"author":2,"featured_media":14003,"comment_status":"","ping_status":"","sticky":false,"template":"","format":"standard","meta":{"footnotes":""},"categories":[3],"tags":[],"class_list":["post-14004","post","type-post","status-publish","format-standard","has-post-thumbnail","hentry","category-noticias"],"_links":{"self":[{"href":"https:\/\/hostnetart.com.br\/baixada\/wp-json\/wp\/v2\/posts\/14004","targetHints":{"allow":["GET"]}}],"collection":[{"href":"https:\/\/hostnetart.com.br\/baixada\/wp-json\/wp\/v2\/posts"}],"about":[{"href":"https:\/\/hostnetart.com.br\/baixada\/wp-json\/wp\/v2\/types\/post"}],"author":[{"embeddable":true,"href":"https:\/\/hostnetart.com.br\/baixada\/wp-json\/wp\/v2\/users\/2"}],"replies":[{"embeddable":true,"href":"https:\/\/hostnetart.com.br\/baixada\/wp-json\/wp\/v2\/comments?post=14004"}],"version-history":[{"count":0,"href":"https:\/\/hostnetart.com.br\/baixada\/wp-json\/wp\/v2\/posts\/14004\/revisions"}],"wp:featuredmedia":[{"embeddable":true,"href":"https:\/\/hostnetart.com.br\/baixada\/wp-json\/wp\/v2\/media\/14003"}],"wp:attachment":[{"href":"https:\/\/hostnetart.com.br\/baixada\/wp-json\/wp\/v2\/media?parent=14004"}],"wp:term":[{"taxonomy":"category","embeddable":true,"href":"https:\/\/hostnetart.com.br\/baixada\/wp-json\/wp\/v2\/categories?post=14004"},{"taxonomy":"post_tag","embeddable":true,"href":"https:\/\/hostnetart.com.br\/baixada\/wp-json\/wp\/v2\/tags?post=14004"}],"curies":[{"name":"wp","href":"https:\/\/api.w.org\/{rel}","templated":true}]}}