{"id":14002,"date":"2023-04-26T03:24:10","date_gmt":"2023-04-26T06:24:10","guid":{"rendered":"https:\/\/hostnetart.com.br\/baixada\/bancarios-de-sao-paulo-osasco-e-regiao-vao-as-urnas\/"},"modified":"2023-04-26T03:24:10","modified_gmt":"2023-04-26T06:24:10","slug":"bancarios-de-sao-paulo-osasco-e-regiao-vao-as-urnas","status":"publish","type":"post","link":"https:\/\/hostnetart.com.br\/baixada\/bancarios-de-sao-paulo-osasco-e-regiao-vao-as-urnas\/","title":{"rendered":"Banc\u00e1rios de S\u00e3o Paulo, Osasco e regi\u00e3o v\u00e3o \u00e0s urnas"},"content":{"rendered":"<p>A vota\u00e7\u00e3o para a elei\u00e7\u00e3o do Sindicato dos Banc\u00e1rios de S\u00e3o Paulo, Osasco e Regi\u00e3o, o maior da categoria no pa\u00eds, com aproximadamente 140 mil trabalhadores na sua base sindical, come\u00e7ou nesta ter\u00e7a-feira (25) e segue \u00e0s 16h de quinta-feira (27). Uma \u00fanica chapa foi inscrita (<a href=\"https:\/\/spbancarios.com.br\/sites\/default\/files\/folhabancaria\/arquivo\/FB6266web.pdf\" target=\"_blank\" rel=\"noopener noreferrer\">veja a composi\u00e7\u00e3o da Chapa 1<\/a>).<\/p>\n<p>Todos os associados ao sindicato com mais de seis meses de inscri\u00e7\u00e3o e mensalidade quitada at\u00e9 1 m\u00eas antes das elei\u00e7\u00f5es podem votar. Aposentados e desempregados h\u00e1 6 meses que tenham sido s\u00f3cios do sindicato at\u00e9 seis meses antes da aposentadoria ou de perderem o emprego tamb\u00e9m t\u00eam direito ao voto.<\/p>\n<p><strong>Fonte: Contraf-CUT<\/strong><\/p>\n","protected":false},"excerpt":{"rendered":"<p>A vota\u00e7\u00e3o para a elei\u00e7\u00e3o do Sindicato dos Banc\u00e1rios de S\u00e3o Paulo, Osasco e Regi\u00e3o, o maior da categoria no pa\u00eds, com aproximadamente 140 mil trabalhadores na sua base sindical, come\u00e7ou nesta ter\u00e7a-feira (25) e segue \u00e0s 16h de quinta-feira (27). Uma \u00fanica chapa foi inscrita (veja a composi\u00e7\u00e3o da Chapa 1). Todos os associados [&hellip;]<\/p>\n","protected":false},"author":2,"featured_media":14001,"comment_status":"","ping_status":"","sticky":false,"template":"","format":"standard","meta":{"footnotes":""},"categories":[3],"tags":[],"class_list":["post-14002","post","type-post","status-publish","format-standard","has-post-thumbnail","hentry","category-noticias"],"_links":{"self":[{"href":"https:\/\/hostnetart.com.br\/baixada\/wp-json\/wp\/v2\/posts\/14002","targetHints":{"allow":["GET"]}}],"collection":[{"href":"https:\/\/hostnetart.com.br\/baixada\/wp-json\/wp\/v2\/posts"}],"about":[{"href":"https:\/\/hostnetart.com.br\/baixada\/wp-json\/wp\/v2\/types\/post"}],"author":[{"embeddable":true,"href":"https:\/\/hostnetart.com.br\/baixada\/wp-json\/wp\/v2\/users\/2"}],"replies":[{"embeddable":true,"href":"https:\/\/hostnetart.com.br\/baixada\/wp-json\/wp\/v2\/comments?post=14002"}],"version-history":[{"count":0,"href":"https:\/\/hostnetart.com.br\/baixada\/wp-json\/wp\/v2\/posts\/14002\/revisions"}],"wp:featuredmedia":[{"embeddable":true,"href":"https:\/\/hostnetart.com.br\/baixada\/wp-json\/wp\/v2\/media\/14001"}],"wp:attachment":[{"href":"https:\/\/hostnetart.com.br\/baixada\/wp-json\/wp\/v2\/media?parent=14002"}],"wp:term":[{"taxonomy":"category","embeddable":true,"href":"https:\/\/hostnetart.com.br\/baixada\/wp-json\/wp\/v2\/categories?post=14002"},{"taxonomy":"post_tag","embeddable":true,"href":"https:\/\/hostnetart.com.br\/baixada\/wp-json\/wp\/v2\/tags?post=14002"}],"curies":[{"name":"wp","href":"https:\/\/api.w.org\/{rel}","templated":true}]}}