{"id":13996,"date":"2023-04-25T15:43:08","date_gmt":"2023-04-25T18:43:08","guid":{"rendered":"https:\/\/hostnetart.com.br\/baixada\/1-de-maio-destaca-15-pontos-de-interesse-do-trabalhador\/"},"modified":"2023-04-25T15:43:08","modified_gmt":"2023-04-25T18:43:08","slug":"1-de-maio-destaca-15-pontos-de-interesse-do-trabalhador","status":"publish","type":"post","link":"https:\/\/hostnetart.com.br\/baixada\/1-de-maio-destaca-15-pontos-de-interesse-do-trabalhador\/","title":{"rendered":"1\u00ba de Maio destaca 15 pontos de interesse do trabalhador"},"content":{"rendered":"<p>O <a href=\"https:\/\/contrafcut.com.br\/1demaio2023-v6-1\/\" target=\"_blank\" rel=\"noopener noreferrer\">Dia do Trabalhador e da Trabalhadora deste ano ser\u00e1 unificado<\/a>, organizado em todo o pa\u00eds por oito centrais sindicais: CUT, CSB, CTB, Nova Central, For\u00e7a Sindical, UGT, Intersindical e P\u00fablica.<\/p>\n<p>Com o lema \u201cEmprego, renda, direitos e democracia\u201d, os atos defender\u00e3o 15 pontos, considerados fundamentais pelo movimento sindical para o trabalhador e a trabalhadora. Confira a pauta completa:<\/p>\n<ol type=\"1\">\n<li><strong>Fortalecimento da negocia\u00e7\u00e3o coletiva<\/strong>. Por regras est\u00e1veis entre trabalhadores e patr\u00f5es.\n<\/li>\n<li><strong>Mais empregos e renda<\/strong>. Para o pa\u00eds crescer e a fam\u00edlia do trabalhador viver com dignidade.\n<\/li>\n<li><strong>Fim dos juros extorsivos<\/strong>. Pela retomada da produ\u00e7\u00e3o e o bom funcionamento da economia.\n<\/li>\n<li><strong>Valoriza\u00e7\u00e3o do sal\u00e1rio-m\u00ednimo<\/strong>. Por maior poder de compra, mais consumo, mais produ\u00e7\u00e3o e mais empregos.\n<\/li>\n<li><strong>Direitos para todos e todas<\/strong>. A luta das centrais \u00e9 por sindicalizados ou n\u00e3o.\n<\/li>\n<li><strong>Conven\u00e7\u00e3o 156 da Organiza\u00e7\u00e3o Internacional do Trabalho (OIT)<\/strong>. Por igualdade de oportunidades para mulheres.\n<\/li>\n<li><strong>Trabalho igual, sal\u00e1rio igual<\/strong>. Contra a discrimina\u00e7\u00e3o de g\u00eanero no universo do trabalho.\n<\/li>\n<li><strong>Aposentadoria digna<\/strong>. Por direitos e garantias a quem j\u00e1 dedicou a vida ao trabalho.\n<\/li>\n<li><strong>Valoriza\u00e7\u00e3o da servidora e do servidor p\u00fablico<\/strong>. Em defesa de quem garante servi\u00e7os essenciais aos brasileiros.\n<\/li>\n<li><strong>Regulamenta\u00e7\u00e3o do trabalho por aplicativos<\/strong>. Pelos direitos trabalhistas dos profissionais que atuam via plataformas digitais.\n<\/li>\n<li><strong>Defesa das empresas p\u00fablicas<\/strong>. Basta de vender o patrim\u00f4nio do Brasil.\n<\/li>\n<li><strong>Revoga\u00e7\u00e3o dos marcos regressivos da legisla\u00e7\u00e3o trabalhista<\/strong>. Contra a precariza\u00e7\u00e3o imposta pela Reforma de 2017.\n<\/li>\n<li><strong>Fortalecimento da democracia<\/strong>. Pela derrota completa do atraso pol\u00edtico no pa\u00eds.\n<\/li>\n<li><strong>Revoga\u00e7\u00e3o do novo ensino m\u00e9dio<\/strong>. Por uma educa\u00e7\u00e3o que n\u00e3o desqualifique ou prejudique os estudantes.\n<\/li>\n<li><strong>Desenvolvimento sustent\u00e1vel com gera\u00e7\u00e3o de emprego de qualidade<\/strong>. Por uma vida saud\u00e1vel a todos.\n<\/li>\n<\/ol>\n<h3><strong>Lula em S\u00e3o Paulo<\/strong><\/h3>\n<p>O presidente Luiz In\u00e1cio Lula da Silva confirmou presen\u00e7a em S\u00e3o Paulo, onde deve ocorrer a maior manifesta\u00e7\u00e3o. <a href=\"https:\/\/contrafcut.com.br\/wp-content\/uploads\/2023\/04\/1-maio-2023-panfleto-01-folheto-oficial.pdf\" target=\"_blank\" rel=\"noopener noreferrer\">A atividade voltar\u00e1 a ocorrer no Vale do Anhangaba\u00fa<\/a>, palco hist\u00f3rico de manifesta\u00e7\u00f5es em defesa da democracia, como o com\u00edcio pelas Diretas-J\u00e1!, em 1984, ap\u00f3s a ditadura militar.<\/p>\n<p>No dia, a CUT acompanhar\u00e1, em tempo real, os atos em todo o Brasil com uma live, transmitida pelos seus canais de rede social e pela TVT. Confira no <a href=\"https:\/\/www.cut.org.br\/\" target=\"_blank\" rel=\"noopener noreferrer\">site da CUT<\/a> onde ser\u00e1 o ato em seu estado.<\/p>\n<p>Saiba mais sobre o 1\u00ba de Maio de 2023 nas p\u00e1ginas das centrais no <a href=\"https:\/\/www.instagram.com\/1demaiodascentrais\/?igshid=YmMyMTA2M2Y%3D\" target=\"_blank\" rel=\"noopener noreferrer\">Instagram<\/a>, no <a href=\"https:\/\/www.facebook.com\/people\/1-de-Maio-das-Centrais\/100091675277133\/?mibextid=LQQJ4d\" target=\"_blank\" rel=\"noopener noreferrer\">Facebook<\/a> e no <a href=\"https:\/\/twitter.com\/1demaiocentrais\" target=\"_blank\" rel=\"noopener noreferrer\">Twitter<\/a>.<\/p>\n<p><strong>Fonte: Contraf-CUT<\/strong><\/p>\n","protected":false},"excerpt":{"rendered":"<p>O Dia do Trabalhador e da Trabalhadora deste ano ser\u00e1 unificado, organizado em todo o pa\u00eds por oito centrais sindicais: CUT, CSB, CTB, Nova Central, For\u00e7a Sindical, UGT, Intersindical e P\u00fablica. Com o lema \u201cEmprego, renda, direitos e democracia\u201d, os atos defender\u00e3o 15 pontos, considerados fundamentais pelo movimento sindical para o trabalhador e a trabalhadora. [&hellip;]<\/p>\n","protected":false},"author":2,"featured_media":13995,"comment_status":"","ping_status":"","sticky":false,"template":"","format":"standard","meta":{"footnotes":""},"categories":[3],"tags":[],"class_list":["post-13996","post","type-post","status-publish","format-standard","has-post-thumbnail","hentry","category-noticias"],"_links":{"self":[{"href":"https:\/\/hostnetart.com.br\/baixada\/wp-json\/wp\/v2\/posts\/13996","targetHints":{"allow":["GET"]}}],"collection":[{"href":"https:\/\/hostnetart.com.br\/baixada\/wp-json\/wp\/v2\/posts"}],"about":[{"href":"https:\/\/hostnetart.com.br\/baixada\/wp-json\/wp\/v2\/types\/post"}],"author":[{"embeddable":true,"href":"https:\/\/hostnetart.com.br\/baixada\/wp-json\/wp\/v2\/users\/2"}],"replies":[{"embeddable":true,"href":"https:\/\/hostnetart.com.br\/baixada\/wp-json\/wp\/v2\/comments?post=13996"}],"version-history":[{"count":0,"href":"https:\/\/hostnetart.com.br\/baixada\/wp-json\/wp\/v2\/posts\/13996\/revisions"}],"wp:featuredmedia":[{"embeddable":true,"href":"https:\/\/hostnetart.com.br\/baixada\/wp-json\/wp\/v2\/media\/13995"}],"wp:attachment":[{"href":"https:\/\/hostnetart.com.br\/baixada\/wp-json\/wp\/v2\/media?parent=13996"}],"wp:term":[{"taxonomy":"category","embeddable":true,"href":"https:\/\/hostnetart.com.br\/baixada\/wp-json\/wp\/v2\/categories?post=13996"},{"taxonomy":"post_tag","embeddable":true,"href":"https:\/\/hostnetart.com.br\/baixada\/wp-json\/wp\/v2\/tags?post=13996"}],"curies":[{"name":"wp","href":"https:\/\/api.w.org\/{rel}","templated":true}]}}