{"id":13994,"date":"2023-04-25T12:16:49","date_gmt":"2023-04-25T15:16:49","guid":{"rendered":"https:\/\/hostnetart.com.br\/baixada\/vacina-bivalente-contra-a-covid-e-disponibilizada-para-a-toda-a-populacao-acima-de-18-anos\/"},"modified":"2023-04-25T12:16:49","modified_gmt":"2023-04-25T15:16:49","slug":"vacina-bivalente-contra-a-covid-e-disponibilizada-para-a-toda-a-populacao-acima-de-18-anos","status":"publish","type":"post","link":"https:\/\/hostnetart.com.br\/baixada\/vacina-bivalente-contra-a-covid-e-disponibilizada-para-a-toda-a-populacao-acima-de-18-anos\/","title":{"rendered":"Vacina bivalente contra a covid \u00e9 disponibilizada para a toda a popula\u00e7\u00e3o acima de 18 anos"},"content":{"rendered":"<p>O Minist\u00e9rio da Sa\u00fade anunciou nesta segunda-feira (24) que toda a popula\u00e7\u00e3o acima de 18 anos de idade j\u00e1 pode tomar a vacina bivalente contra a covid-19. O refor\u00e7o pode ser administrado em qualquer pessoa que tenha recebido pelo menos duas doses de vacinas monovalentes.<\/p>\n<p>C\u00e1lculos da pasta indicam que a medida deve ajudar a imunizar cerca de 97 milh\u00f5es de pessoas.<\/p>\n<p>As vacinas bivalentes contam com cepas atualizadas contra o coronav\u00edrus, incluindo a prote\u00e7\u00e3o contra a variante \u00d4micron. Aprovadas pela Anvisa em novembro de 2022, os primeiros lotes desses imunizantes chegaram ao pa\u00eds em dezembro.<\/p>\n<p>&#8220;A ci\u00eancia voltou e precisamos retomar a confian\u00e7a da popula\u00e7\u00e3o nas vacinas, \u00e9 uma miss\u00e3o de todos n\u00f3s&#8221;, afirmou a ministra da Sa\u00fade, N\u00edsia Trindade.<\/p>\n<p><span style=\"text-decoration: underline;\">A culpa \u00e9 de quem?<\/span><\/p>\n<p>Sob a administra\u00e7\u00e3o Lula (PT), o Minist\u00e9rio da Sa\u00fade lan\u00e7ou o Movimento Nacional pela Vacina\u00e7\u00e3o com o objetivo de recuperar a confian\u00e7a da popula\u00e7\u00e3o nas vacinas. At\u00e9 o governo Bolsonaro (PL), o Brasil era refer\u00eancia mundial em cobertura vacinal.<\/p>\n<p>Em entrevista ao UOL publicada na semana passada, \u00c9der Gatti, diretor do Departamento de Imuniza\u00e7\u00f5es do Minist\u00e9rio da Sa\u00fade, havia responsabilizado Bolsonaro pela baixa ades\u00e3o \u00e0 campanha.<\/p>\n<p>&#8220;Enquanto [o governo anterior] oferecia vacina, havia um discurso oficial contra a credibilidade delas, o que alimentou um movimento que perdura at\u00e9 hoje. A gente imaginava que enfrentaria muita dificuldade, havia muita gente jogando contra. E, de fato, o n\u00famero demonstra o tamanho da resist\u00eancia criada&#8221;, explicou Gatti.<\/p>\n<p>Em 2023, cerca de 4,7 mil brasileiros morreram em decorr\u00eancia das complica\u00e7\u00f5es da covid-19. De acordo com dados do Minist\u00e9rio da Sa\u00fade, 80% das v\u00edtimas tinham mais de 60 anos.<\/p>\n<p><strong>Fonte: Brasil de Fato<\/strong><\/p>\n","protected":false},"excerpt":{"rendered":"<p>O Minist\u00e9rio da Sa\u00fade anunciou nesta segunda-feira (24) que toda a popula\u00e7\u00e3o acima de 18 anos de idade j\u00e1 pode tomar a vacina bivalente contra a covid-19. O refor\u00e7o pode ser administrado em qualquer pessoa que tenha recebido pelo menos duas doses de vacinas monovalentes. C\u00e1lculos da pasta indicam que a medida deve ajudar a [&hellip;]<\/p>\n","protected":false},"author":2,"featured_media":13993,"comment_status":"","ping_status":"","sticky":false,"template":"","format":"standard","meta":{"footnotes":""},"categories":[3],"tags":[],"class_list":["post-13994","post","type-post","status-publish","format-standard","has-post-thumbnail","hentry","category-noticias"],"_links":{"self":[{"href":"https:\/\/hostnetart.com.br\/baixada\/wp-json\/wp\/v2\/posts\/13994","targetHints":{"allow":["GET"]}}],"collection":[{"href":"https:\/\/hostnetart.com.br\/baixada\/wp-json\/wp\/v2\/posts"}],"about":[{"href":"https:\/\/hostnetart.com.br\/baixada\/wp-json\/wp\/v2\/types\/post"}],"author":[{"embeddable":true,"href":"https:\/\/hostnetart.com.br\/baixada\/wp-json\/wp\/v2\/users\/2"}],"replies":[{"embeddable":true,"href":"https:\/\/hostnetart.com.br\/baixada\/wp-json\/wp\/v2\/comments?post=13994"}],"version-history":[{"count":0,"href":"https:\/\/hostnetart.com.br\/baixada\/wp-json\/wp\/v2\/posts\/13994\/revisions"}],"wp:featuredmedia":[{"embeddable":true,"href":"https:\/\/hostnetart.com.br\/baixada\/wp-json\/wp\/v2\/media\/13993"}],"wp:attachment":[{"href":"https:\/\/hostnetart.com.br\/baixada\/wp-json\/wp\/v2\/media?parent=13994"}],"wp:term":[{"taxonomy":"category","embeddable":true,"href":"https:\/\/hostnetart.com.br\/baixada\/wp-json\/wp\/v2\/categories?post=13994"},{"taxonomy":"post_tag","embeddable":true,"href":"https:\/\/hostnetart.com.br\/baixada\/wp-json\/wp\/v2\/tags?post=13994"}],"curies":[{"name":"wp","href":"https:\/\/api.w.org\/{rel}","templated":true}]}}