{"id":13980,"date":"2023-04-19T15:13:26","date_gmt":"2023-04-19T18:13:26","guid":{"rendered":"https:\/\/hostnetart.com.br\/baixada\/caixa-inicia-vacinacao-contra-a-gripe\/"},"modified":"2023-04-19T15:13:26","modified_gmt":"2023-04-19T18:13:26","slug":"caixa-inicia-vacinacao-contra-a-gripe","status":"publish","type":"post","link":"https:\/\/hostnetart.com.br\/baixada\/caixa-inicia-vacinacao-contra-a-gripe\/","title":{"rendered":"Caixa inicia vacina\u00e7\u00e3o contra a gripe"},"content":{"rendered":"<div class=\"elementor-element elementor-element-194680ec elementor-widget elementor-widget-theme-post-content\" data-id=\"194680ec\" data-element_type=\"widget\" data-widget_type=\"theme-post-content.default\">\n<div class=\"elementor-widget-container\">\n<p>Com o objetivo de promover a imuniza\u00e7\u00e3o contra as cepas virais da gripe em circula\u00e7\u00e3o no Brasil, a Caixa iniciou na segunda-feira (17) a vacina\u00e7\u00e3o dos seus empregados da ativa. A Confedera\u00e7\u00e3o Nacional dos Trabalhadores do Ramo Financeiro (Contraf-CUT) j\u00e1 havia\u00a0<a href=\"https:\/\/contrafcut.com.br\/noticias\/empregados-e-caixa-debatem-sobre-condicoes-de-trabalho\" target=\"_blank\" rel=\"noopener noreferrer\">antecipado a informa\u00e7\u00e3o<\/a>\u00a0sobre a data de in\u00edcio da campanha.<\/p>\n<p>\u201cA vacina\u00e7\u00e3o contra a gripe \u00e9 mais uma conquista da categoria em sua luta pela sa\u00fade dos trabalhadores. \u00c9 importante que todos se vacinem para evitar casos graves e a propaga\u00e7\u00e3o da doen\u00e7a para seus colegas de trabalho, clientes e familiares\u201d, disse o secret\u00e1rio da Sa\u00fade da Contraf-CUT, Mauro Salles.<\/p>\n<h3><strong>Vacina\u00e7\u00e3o da Caixa<\/strong><\/h3>\n<p>Em 2022, a campanha de vacina\u00e7\u00e3o dos empregados da Caixa come\u00e7ou em maio. Neste ano foi antecipada. Come\u00e7ou no dia 17 de abril em diversos estados. Nos demais, come\u00e7ar\u00e3o at\u00e9 17 de maio (veja abaixo o calend\u00e1rio completo).<\/p>\n<p>\u201cQuando chega o frio, aumentam os casos de gripe. Por isso, cobramos a antecipa\u00e7\u00e3o da campanha. Na \u00faltima reuni\u00e3o do GT (Grupo de Trabalho) sobre Sa\u00fade e Condi\u00e7\u00f5es de Trabalho o banco nos informou da antecipa\u00e7\u00e3o\u201d, disse a coordenadora da Comiss\u00e3o Executiva dos Empregados (CEE) da Caixa, Fabiana Uehara Proscholdt.<\/p>\n<p>A vacina\u00e7\u00e3o ser\u00e1 realizada nas pr\u00f3prias ag\u00eancias e departamentos do banco e\u00a0<strong>n\u00e3o<\/strong>\u00a0haver\u00e1 reembolso do valor aos empregados que optarem por realizar a vacina\u00e7\u00e3o em um local de sua prefer\u00eancia.<\/p>\n<h3><strong>Calend\u00e1rio de vacina\u00e7\u00e3o<\/strong><\/h3>\n<figure class=\"wp-block-table\">\n<table>\n<tbody>\n<tr>\n<td>ESTADO<\/td>\n<td>DATA DE IN\u00cdCIO<\/td>\n<\/tr>\n<tr>\n<td>AC<\/td>\n<td>20\/abr<\/td>\n<\/tr>\n<tr>\n<td>AL<\/td>\n<td>02\/mai<\/td>\n<\/tr>\n<tr>\n<td>AM<\/td>\n<td>03\/mai<\/td>\n<\/tr>\n<tr>\n<td>AP<\/td>\n<td>05\/mai<\/td>\n<\/tr>\n<tr>\n<td>BA<\/td>\n<td>17\/abr<\/td>\n<\/tr>\n<tr>\n<td>CE<\/td>\n<td>17\/abr<\/td>\n<\/tr>\n<tr>\n<td>DF<\/td>\n<td>17\/abr<\/td>\n<\/tr>\n<tr>\n<td>ES<\/td>\n<td>18\/abr<\/td>\n<\/tr>\n<tr>\n<td>GO<\/td>\n<td>17\/abr<\/td>\n<\/tr>\n<tr>\n<td>MA<\/td>\n<td>02\/mai<\/td>\n<\/tr>\n<tr>\n<td>MG<\/td>\n<td>17\/abr<\/td>\n<\/tr>\n<tr>\n<td>MS<\/td>\n<td>17\/abr<\/td>\n<\/tr>\n<tr>\n<td>MT<\/td>\n<td>17\/abr<\/td>\n<\/tr>\n<tr>\n<td>PA<\/td>\n<td>17\/mai<\/td>\n<\/tr>\n<tr>\n<td>PB<\/td>\n<td>24\/abr<\/td>\n<\/tr>\n<tr>\n<td>PE<\/td>\n<td>07\/mai<\/td>\n<\/tr>\n<tr>\n<td>PI<\/td>\n<td>08\/mai<\/td>\n<\/tr>\n<tr>\n<td>PR<\/td>\n<td>17\/abr<\/td>\n<\/tr>\n<tr>\n<td>RJ<\/td>\n<td>17\/abr<\/td>\n<\/tr>\n<tr>\n<td>RN<\/td>\n<td>24\/abr<\/td>\n<\/tr>\n<tr>\n<td>RO<\/td>\n<td>02\/mai<\/td>\n<\/tr>\n<tr>\n<td>RR<\/td>\n<td>24\/abr<\/td>\n<\/tr>\n<tr>\n<td>RS<\/td>\n<td>17\/abr<\/td>\n<\/tr>\n<tr>\n<td>SC<\/td>\n<td>17\/abr<\/td>\n<\/tr>\n<tr>\n<td>SE<\/td>\n<td>17\/abr<\/td>\n<\/tr>\n<tr>\n<td>SP<\/td>\n<td>17\/abr<\/td>\n<\/tr>\n<tr>\n<td>TO<\/td>\n<td>17\/abr<\/td>\n<\/tr>\n<\/tbody>\n<\/table>\n<p><strong>Fonte: Contraf-CUT<\/strong><\/p>\n<\/figure>\n<\/div>\n<\/div>\n","protected":false},"excerpt":{"rendered":"<p>Com o objetivo de promover a imuniza\u00e7\u00e3o contra as cepas virais da gripe em circula\u00e7\u00e3o no Brasil, a Caixa iniciou na segunda-feira (17) a vacina\u00e7\u00e3o dos seus empregados da ativa. A Confedera\u00e7\u00e3o Nacional dos Trabalhadores do Ramo Financeiro (Contraf-CUT) j\u00e1 havia\u00a0antecipado a informa\u00e7\u00e3o\u00a0sobre a data de in\u00edcio da campanha. \u201cA vacina\u00e7\u00e3o contra a gripe \u00e9 [&hellip;]<\/p>\n","protected":false},"author":2,"featured_media":13979,"comment_status":"","ping_status":"","sticky":false,"template":"","format":"standard","meta":{"footnotes":""},"categories":[3],"tags":[],"class_list":["post-13980","post","type-post","status-publish","format-standard","has-post-thumbnail","hentry","category-noticias"],"_links":{"self":[{"href":"https:\/\/hostnetart.com.br\/baixada\/wp-json\/wp\/v2\/posts\/13980","targetHints":{"allow":["GET"]}}],"collection":[{"href":"https:\/\/hostnetart.com.br\/baixada\/wp-json\/wp\/v2\/posts"}],"about":[{"href":"https:\/\/hostnetart.com.br\/baixada\/wp-json\/wp\/v2\/types\/post"}],"author":[{"embeddable":true,"href":"https:\/\/hostnetart.com.br\/baixada\/wp-json\/wp\/v2\/users\/2"}],"replies":[{"embeddable":true,"href":"https:\/\/hostnetart.com.br\/baixada\/wp-json\/wp\/v2\/comments?post=13980"}],"version-history":[{"count":0,"href":"https:\/\/hostnetart.com.br\/baixada\/wp-json\/wp\/v2\/posts\/13980\/revisions"}],"wp:featuredmedia":[{"embeddable":true,"href":"https:\/\/hostnetart.com.br\/baixada\/wp-json\/wp\/v2\/media\/13979"}],"wp:attachment":[{"href":"https:\/\/hostnetart.com.br\/baixada\/wp-json\/wp\/v2\/media?parent=13980"}],"wp:term":[{"taxonomy":"category","embeddable":true,"href":"https:\/\/hostnetart.com.br\/baixada\/wp-json\/wp\/v2\/categories?post=13980"},{"taxonomy":"post_tag","embeddable":true,"href":"https:\/\/hostnetart.com.br\/baixada\/wp-json\/wp\/v2\/tags?post=13980"}],"curies":[{"name":"wp","href":"https:\/\/api.w.org\/{rel}","templated":true}]}}