{"id":13974,"date":"2023-04-18T16:43:08","date_gmt":"2023-04-18T19:43:08","guid":{"rendered":"https:\/\/hostnetart.com.br\/baixada\/bradesco-inicia-campanha-de-vacinacao-contra-gripe\/"},"modified":"2023-04-18T16:43:08","modified_gmt":"2023-04-18T19:43:08","slug":"bradesco-inicia-campanha-de-vacinacao-contra-gripe","status":"publish","type":"post","link":"https:\/\/hostnetart.com.br\/baixada\/bradesco-inicia-campanha-de-vacinacao-contra-gripe\/","title":{"rendered":"Bradesco inicia campanha de vacina\u00e7\u00e3o contra gripe"},"content":{"rendered":"<p>O Bradesco iniciou, nesta segunda-feira (17), a vacina\u00e7\u00e3o quadrivalente contra a gripe dos funcion\u00e1rios. O cronograma de ag\u00eancias e pr\u00e9dios administrativos, que vai at\u00e9 o dia 30 de junho, est\u00e1 dispon\u00edvel no portal corporativo para consulta.<\/p>\n<p>O atendimento em cl\u00ednicas credenciadas come\u00e7a em dois de maio, para os dependentes cadastrados no plano de sa\u00fade. Neste caso, h\u00e1 d\u00e9bito de R$73 por dose aplicada em conta corrente do funcion\u00e1rio.<\/p>\n<p><strong>Fonte: Contraf-CUT<\/strong><\/p>\n","protected":false},"excerpt":{"rendered":"<p>O Bradesco iniciou, nesta segunda-feira (17), a vacina\u00e7\u00e3o quadrivalente contra a gripe dos funcion\u00e1rios. O cronograma de ag\u00eancias e pr\u00e9dios administrativos, que vai at\u00e9 o dia 30 de junho, est\u00e1 dispon\u00edvel no portal corporativo para consulta. O atendimento em cl\u00ednicas credenciadas come\u00e7a em dois de maio, para os dependentes cadastrados no plano de sa\u00fade. Neste [&hellip;]<\/p>\n","protected":false},"author":2,"featured_media":13973,"comment_status":"","ping_status":"","sticky":false,"template":"","format":"standard","meta":{"footnotes":""},"categories":[3],"tags":[],"class_list":["post-13974","post","type-post","status-publish","format-standard","has-post-thumbnail","hentry","category-noticias"],"_links":{"self":[{"href":"https:\/\/hostnetart.com.br\/baixada\/wp-json\/wp\/v2\/posts\/13974","targetHints":{"allow":["GET"]}}],"collection":[{"href":"https:\/\/hostnetart.com.br\/baixada\/wp-json\/wp\/v2\/posts"}],"about":[{"href":"https:\/\/hostnetart.com.br\/baixada\/wp-json\/wp\/v2\/types\/post"}],"author":[{"embeddable":true,"href":"https:\/\/hostnetart.com.br\/baixada\/wp-json\/wp\/v2\/users\/2"}],"replies":[{"embeddable":true,"href":"https:\/\/hostnetart.com.br\/baixada\/wp-json\/wp\/v2\/comments?post=13974"}],"version-history":[{"count":0,"href":"https:\/\/hostnetart.com.br\/baixada\/wp-json\/wp\/v2\/posts\/13974\/revisions"}],"wp:featuredmedia":[{"embeddable":true,"href":"https:\/\/hostnetart.com.br\/baixada\/wp-json\/wp\/v2\/media\/13973"}],"wp:attachment":[{"href":"https:\/\/hostnetart.com.br\/baixada\/wp-json\/wp\/v2\/media?parent=13974"}],"wp:term":[{"taxonomy":"category","embeddable":true,"href":"https:\/\/hostnetart.com.br\/baixada\/wp-json\/wp\/v2\/categories?post=13974"},{"taxonomy":"post_tag","embeddable":true,"href":"https:\/\/hostnetart.com.br\/baixada\/wp-json\/wp\/v2\/tags?post=13974"}],"curies":[{"name":"wp","href":"https:\/\/api.w.org\/{rel}","templated":true}]}}