{"id":13968,"date":"2023-04-18T16:35:13","date_gmt":"2023-04-18T19:35:13","guid":{"rendered":"https:\/\/hostnetart.com.br\/baixada\/resultados-da-previ-reforcam-sua-importancia-para-o-pais\/"},"modified":"2023-04-18T16:35:13","modified_gmt":"2023-04-18T19:35:13","slug":"resultados-da-previ-reforcam-sua-importancia-para-o-pais","status":"publish","type":"post","link":"https:\/\/hostnetart.com.br\/baixada\/resultados-da-previ-reforcam-sua-importancia-para-o-pais\/","title":{"rendered":"Resultados da Previ refor\u00e7am sua import\u00e2ncia para o pa\u00eds"},"content":{"rendered":"<p>Depois do Rio de Janeiro e Bras\u00edlia, a diretoria da Caixa de Previd\u00eancia dos Funcion\u00e1rios do Banco do Brasil (Previ) apresentou, na quinta-feira (13), em S\u00e3o Paulo, os resultados positivos de 2022 dos planos de benef\u00edcios. Apesar do ano dif\u00edcil, o Plano 1 alcan\u00e7ou super\u00e1vit de R$ 5,6 bilh\u00f5es em 2022 e o Previ Futuro apresentou rentabilidade em todos os perfis de investimento, superior aos seus pares do mercado.<\/p>\n<p>Em benef\u00edcios, a Previ pagou, no ano, R$ 15,3 bilh\u00f5es aos mais de 100 mil associados, somente do Plano 1. \u201cAl\u00e9m desse valor injetado na economia, por meio dos aposentados e pensionistas, a Previ fechou o ano com recorde de R$ 267 bilh\u00f5es em investimentos, o que aponta, mais uma vez, para a import\u00e2ncia macroecon\u00f4mica dos fundos de pens\u00e3o\u201d, destacou o presidente da Previ, Jo\u00e3o Fukunaga.<\/p>\n<p>O diretor eleito de Administra\u00e7\u00e3o da entidade, M\u00e1rcio de Souza, pontuou que \u201cesses resultados s\u00e3o explicados pela solidez da governan\u00e7a do maior fundo de pens\u00e3o da Am\u00e9rica Latina\u201d. J\u00e1 o diretor eleito de Seguridade, Wagner Nascimento, ressaltou o trabalho da equipe para garantir a transpar\u00eancia das atividades. \u201cA Previ \u00e9 o \u00fanico fundo de pens\u00e3o que coloca em seu site 100% dos seus investimentos. L\u00f3gico que n\u00e3o colocamos a nossa estrat\u00e9gia de investimentos, mas o passado a gente coloca. A gente, inclusive, disponibiliza os resultados mais r\u00e1pido do que algumas empresas de capital aberto\u201d, observou.<\/p>\n<p>A diretora eleita de Planejamento da Previ, Paula Goto, que tamb\u00e9m esteve presente no evento, destacou que a entidade est\u00e1 retomando este ano as apresenta\u00e7\u00f5es presenciais, interrompidas por tr\u00eas anos em raz\u00e3o da pandemia de covid-19. Ela refor\u00e7ou que esses encontros comp\u00f5em o \u201cobjetivo de oferecer o melhor resultado para o associado, com transpar\u00eancia\u201d.<\/p>\n<h3>Avalia\u00e7\u00e3o dos associados<\/h3>\n<p>\u201cEsses resultados positivos, e acima da m\u00e9dia em compara\u00e7\u00e3o aos outros fundos fechados e planos de previd\u00eancia do mercado, comprovam a efici\u00eancia do modelo de governan\u00e7a da Previ, baseada na elei\u00e7\u00e3o peri\u00f3dica de diretores e conselheiros eleitos pelos associados e associadas da entidade\u201d, avaliou a representante da Confedera\u00e7\u00e3o Nacional dos Trabalhadores do Ramo Financeiro (Contraf-CUT) na Comiss\u00e3o de Empresa dos Funcion\u00e1rios do Banco do Brasil (CEBB), Fernanda Lopes.<\/p>\n<p>\u201cNossa miss\u00e3o, como associados da Previ, \u00e9 continuar de olho na governan\u00e7a para que essa efici\u00eancia continue e tamb\u00e9m para que a gest\u00e3o atenda nossas reivindica\u00e7\u00f5es\u201d, completou Fernanda, destacando as cobran\u00e7as para que os funcion\u00e1rios\u00a0<a href=\"https:\/\/contrafcut.com.br\/noticias\/bb-movimento-sindical-cobra-negociacao-para-trabalhadores-de-bancos-incorporados\/\" target=\"_blank\" rel=\"noopener noreferrer\">oriundos de bancos incorporados pelo BB tenham acesso igual \u00e0 Previ<\/a>\u00a0e para a\u00a0<a href=\"https:\/\/contrafcut.com.br\/noticias\/previ-funcionarios-do-bb-cobram-entrega-da-revisao-da-tabela-pip\/\" target=\"_blank\" rel=\"noopener noreferrer\">revis\u00e3o da tabela de Pontua\u00e7\u00e3o Individual do Participante (PIP)<\/a>, aprovada na \u00faltima renova\u00e7\u00e3o do Acordo Coletivo de Trabalho (ACT), mas ainda sem implementa\u00e7\u00e3o.<\/p>\n<h3>Mais sa\u00fade para os associados<\/h3>\n<p>Entre os planos propostos pela nova gest\u00e3o da Previ, apresentados por Fukunaga durante o encontro, est\u00e1 uma parceria com a Cassi para atendimento aos associados da Previ, por meio das CliniCassi. \u201cA gente quer mudar um pouco a forma como se olha previd\u00eancia e sa\u00fade, n\u00e3o como algo separado, mas algo junto. Porque n\u00e3o adianta eu, como associado, ter recurso financeiro, mas n\u00e3o ter sa\u00fade para gozar desse recurso financeiro\u201d, explicou.<\/p>\n<p>O presidente da Previ disse ainda que j\u00e1 houve um primeiro encontro com a dire\u00e7\u00e3o da Cassi para a constru\u00e7\u00e3o de um projeto piloto. \u201cInicialmente, a gente vai come\u00e7ar na sede da Previ, que tem cerca de 500 funcion\u00e1rios vindos do banco, portanto associados \u00e0 Previ. Vamos cadastrar todos no Estrat\u00e9gia Sa\u00fade da Fam\u00edlia, fazendo uma a\u00e7\u00e3o de sa\u00fade junto com a Cassi. Tanto associados da Previ quanto da Cassi poder\u00e3o passar em consultas l\u00e1 dentro. Nesse espa\u00e7o piloto teremos tamb\u00e9m o atendimento da Previ, tirando d\u00favidas, para gerar uma sala de conviv\u00eancia. O objetivo \u00e9, com isso, valorizar nossos modelos de atendimento da Previ e da Cassi\u201d, completou.<\/p>\n<p><strong>Fonte: Contraf-CUT<\/strong><\/p>\n","protected":false},"excerpt":{"rendered":"<p>Depois do Rio de Janeiro e Bras\u00edlia, a diretoria da Caixa de Previd\u00eancia dos Funcion\u00e1rios do Banco do Brasil (Previ) apresentou, na quinta-feira (13), em S\u00e3o Paulo, os resultados positivos de 2022 dos planos de benef\u00edcios. Apesar do ano dif\u00edcil, o Plano 1 alcan\u00e7ou super\u00e1vit de R$ 5,6 bilh\u00f5es em 2022 e o Previ Futuro [&hellip;]<\/p>\n","protected":false},"author":2,"featured_media":13967,"comment_status":"","ping_status":"","sticky":false,"template":"","format":"standard","meta":{"footnotes":""},"categories":[3],"tags":[],"class_list":["post-13968","post","type-post","status-publish","format-standard","has-post-thumbnail","hentry","category-noticias"],"_links":{"self":[{"href":"https:\/\/hostnetart.com.br\/baixada\/wp-json\/wp\/v2\/posts\/13968","targetHints":{"allow":["GET"]}}],"collection":[{"href":"https:\/\/hostnetart.com.br\/baixada\/wp-json\/wp\/v2\/posts"}],"about":[{"href":"https:\/\/hostnetart.com.br\/baixada\/wp-json\/wp\/v2\/types\/post"}],"author":[{"embeddable":true,"href":"https:\/\/hostnetart.com.br\/baixada\/wp-json\/wp\/v2\/users\/2"}],"replies":[{"embeddable":true,"href":"https:\/\/hostnetart.com.br\/baixada\/wp-json\/wp\/v2\/comments?post=13968"}],"version-history":[{"count":0,"href":"https:\/\/hostnetart.com.br\/baixada\/wp-json\/wp\/v2\/posts\/13968\/revisions"}],"wp:featuredmedia":[{"embeddable":true,"href":"https:\/\/hostnetart.com.br\/baixada\/wp-json\/wp\/v2\/media\/13967"}],"wp:attachment":[{"href":"https:\/\/hostnetart.com.br\/baixada\/wp-json\/wp\/v2\/media?parent=13968"}],"wp:term":[{"taxonomy":"category","embeddable":true,"href":"https:\/\/hostnetart.com.br\/baixada\/wp-json\/wp\/v2\/categories?post=13968"},{"taxonomy":"post_tag","embeddable":true,"href":"https:\/\/hostnetart.com.br\/baixada\/wp-json\/wp\/v2\/tags?post=13968"}],"curies":[{"name":"wp","href":"https:\/\/api.w.org\/{rel}","templated":true}]}}