{"id":13956,"date":"2023-04-13T15:38:52","date_gmt":"2023-04-13T18:38:52","guid":{"rendered":"https:\/\/hostnetart.com.br\/baixada\/eleicao-de-delegado-sindical-da-caixa-economica-federal\/"},"modified":"2023-04-13T15:38:52","modified_gmt":"2023-04-13T18:38:52","slug":"eleicao-de-delegado-sindical-da-caixa-economica-federal","status":"publish","type":"post","link":"https:\/\/hostnetart.com.br\/baixada\/eleicao-de-delegado-sindical-da-caixa-economica-federal\/","title":{"rendered":"Elei\u00e7\u00e3o de Delegado Sindical da Caixa Econ\u00f4mica Federal"},"content":{"rendered":"<p>Come\u00e7aram as elei\u00e7\u00f5es para\u00a0Delegado Sindical da Caixa Econ\u00f4mica Federal.<\/p>\n<p>As inscri\u00e7\u00f5es v\u00e3o de 10 a 25 de abril. Dever\u00e1 ser informada a matr\u00edcula, o nome e a ag\u00eancia para o e-mail:\u00a0<a href=\"mailto:bancariosbaixada@bancariosbaixada.org\" target=\"_blank\" rel=\"noopener noreferrer\">bancariosbaixada@bancariosbaix<wbr \/>ada.org<\/a><\/p>\n<p>J\u00e1 as elei\u00e7\u00f5es ser\u00e3o do dia 3 a 12 de maio, nas unidades da Caixa Econ\u00f4mica Federal.<\/p>\n","protected":false},"excerpt":{"rendered":"<p>Come\u00e7aram as elei\u00e7\u00f5es para\u00a0Delegado Sindical da Caixa Econ\u00f4mica Federal. As inscri\u00e7\u00f5es v\u00e3o de 10 a 25 de abril. Dever\u00e1 ser informada a matr\u00edcula, o nome e a ag\u00eancia para o e-mail:\u00a0bancariosbaixada@bancariosbaixada.org J\u00e1 as elei\u00e7\u00f5es ser\u00e3o do dia 3 a 12 de maio, nas unidades da Caixa Econ\u00f4mica Federal.<\/p>\n","protected":false},"author":2,"featured_media":13955,"comment_status":"","ping_status":"","sticky":false,"template":"","format":"standard","meta":{"footnotes":""},"categories":[3],"tags":[],"class_list":["post-13956","post","type-post","status-publish","format-standard","has-post-thumbnail","hentry","category-noticias"],"_links":{"self":[{"href":"https:\/\/hostnetart.com.br\/baixada\/wp-json\/wp\/v2\/posts\/13956","targetHints":{"allow":["GET"]}}],"collection":[{"href":"https:\/\/hostnetart.com.br\/baixada\/wp-json\/wp\/v2\/posts"}],"about":[{"href":"https:\/\/hostnetart.com.br\/baixada\/wp-json\/wp\/v2\/types\/post"}],"author":[{"embeddable":true,"href":"https:\/\/hostnetart.com.br\/baixada\/wp-json\/wp\/v2\/users\/2"}],"replies":[{"embeddable":true,"href":"https:\/\/hostnetart.com.br\/baixada\/wp-json\/wp\/v2\/comments?post=13956"}],"version-history":[{"count":0,"href":"https:\/\/hostnetart.com.br\/baixada\/wp-json\/wp\/v2\/posts\/13956\/revisions"}],"wp:featuredmedia":[{"embeddable":true,"href":"https:\/\/hostnetart.com.br\/baixada\/wp-json\/wp\/v2\/media\/13955"}],"wp:attachment":[{"href":"https:\/\/hostnetart.com.br\/baixada\/wp-json\/wp\/v2\/media?parent=13956"}],"wp:term":[{"taxonomy":"category","embeddable":true,"href":"https:\/\/hostnetart.com.br\/baixada\/wp-json\/wp\/v2\/categories?post=13956"},{"taxonomy":"post_tag","embeddable":true,"href":"https:\/\/hostnetart.com.br\/baixada\/wp-json\/wp\/v2\/tags?post=13956"}],"curies":[{"name":"wp","href":"https:\/\/api.w.org\/{rel}","templated":true}]}}