{"id":13954,"date":"2023-04-13T14:36:11","date_gmt":"2023-04-13T17:36:11","guid":{"rendered":"https:\/\/hostnetart.com.br\/baixada\/congresso-instala-inedita-frente-antirracismo\/"},"modified":"2023-04-13T14:36:11","modified_gmt":"2023-04-13T17:36:11","slug":"congresso-instala-inedita-frente-antirracismo","status":"publish","type":"post","link":"https:\/\/hostnetart.com.br\/baixada\/congresso-instala-inedita-frente-antirracismo\/","title":{"rendered":"Congresso instala in\u00e9dita Frente Antirracismo"},"content":{"rendered":"<p>O Congresso Nacional instalou, nesta ter\u00e7a-feira (11), a\u00a0<a href=\"https:\/\/www12.senado.leg.br\/noticias\/materias\/2023\/04\/11\/frente-antirracismo-e-instalada-com-adesao-de-147-parlamentares\" target=\"_blank\" rel=\"noopener noreferrer\">Frente Parlamentar Mista Antirracismo<\/a>, integrada por 36 senadores e 111 deputados federais, com a fun\u00e7\u00e3o de combater o racismo no Brasil. Como anunciou o senador Paulo Paim (PT-RS), autor da inciativa, \u201cem toda a hist\u00f3ria da Rep\u00fablica, esta \u00e9 a maior frente parlamentar mista j\u00e1 criada\u201d.<\/p>\n<p>O evento, para Paim, \u00e9 simb\u00f3lico para o Brasil. \u201cEstou aqui h\u00e1 quase 40 anos, e \u00e9 a primeira vez que estamos instalando uma frente mista de combate ao racismo. Na Constituinte, \u00e9ramos quatro na bancada negra. Hoje estamos aqui com uma lista de cerca de 150 parlamentares\u201d, disse o senador.<\/p>\n<p>Coordenadora da coaliz\u00e3o, a deputada federal Dandara Tonantzin (PT-MG) afirmou que essa \u201c\u00e9 mais uma estrat\u00e9gia de aquilombamento do movimento negro brasileiro, para que a gente avance em uma agenda legislativa antirracista urgente\u201d. Ela tamb\u00e9m garantiu que o objetivo \u00e9 tornar a Frente \u201cum instrumento para enfrentar o trabalho an\u00e1logo \u00e0 escravid\u00e3o, o exterm\u00ednio da juventude negra e o feminic\u00eddio que acomete principalmente as mulheres negras\u201d.<\/p>\n<p>Para o secret\u00e1rio de Combate ao Racismo da Confedera\u00e7\u00e3o Nacional dos Trabalhadores do Ramo Financeiro (Contraf-CUT), Almir Aguiar, a cria\u00e7\u00e3o da Frente mostra que as lutas antirracistas est\u00e3o num momento hist\u00f3rico, mais favor\u00e1vel ao debate e \u00e0 conquista de direitos, por\u00e9m os movimentos sociais devem ampliar sua mobiliza\u00e7\u00e3o.<\/p>\n<p>Como lembra Almir, \u201cat\u00e9 poucos meses atr\u00e1s, v\u00edamos o Estado atacar negros, mulheres, ind\u00edgenas e outras minorias, e agora, neste novo cen\u00e1rio pol\u00edtico, temos que continuar nossa luta com a mesma for\u00e7a, para aprofundar o debate e ampliar as reivindica\u00e7\u00f5es por uma sociedade humana e respeitosa com todos\u201d.<\/p>\n<p>Almir afirma que o fim do racismo deve ser visto como um componente da estabilidade social. \u201cSempre repetimos que enquanto houver discrimina\u00e7\u00e3o e preconceito, n\u00e3o teremos democracia de fato. Banir o racismo \u00e9 uma quest\u00e3o civilizat\u00f3ria, importante como o fim da mis\u00e9ria, das viol\u00eancias contra a mulher e dos crimes contra ind\u00edgenas e a popula\u00e7\u00e3o LGBTQIA+. Por isso \u00e9 uma luta de todos\u201d.<\/p>\n<h3><strong>Encontro nacional<\/strong><\/h3>\n<p>Nesta quarta (12) ocorreu, em Bras\u00edlia, o Encontro Nacional de Parlamentares Negras e Negros. No evento, foi lan\u00e7ada a Rede Nacional de Parlamentares Negras e Negros da Frente Ampla, com integrantes de legislativos das esferas nacional, estaduais e municipais de todo o Brasil. Para Almir, que participou do encontro, \u201cesse coletivo ser\u00e1 fundamental para discutir projetos e iniciativas relacionados \u00e0s quest\u00f5es raciais de forma unificada para o pa\u00eds, em busca de uma sociedade justa e igualit\u00e1ria\u201d.<\/p>\n<p><strong>Fonte: Contraf-CUT<\/strong><\/p>\n<p>\u00a0<\/p>\n","protected":false},"excerpt":{"rendered":"<p>O Congresso Nacional instalou, nesta ter\u00e7a-feira (11), a\u00a0Frente Parlamentar Mista Antirracismo, integrada por 36 senadores e 111 deputados federais, com a fun\u00e7\u00e3o de combater o racismo no Brasil. Como anunciou o senador Paulo Paim (PT-RS), autor da inciativa, \u201cem toda a hist\u00f3ria da Rep\u00fablica, esta \u00e9 a maior frente parlamentar mista j\u00e1 criada\u201d. O evento, [&hellip;]<\/p>\n","protected":false},"author":2,"featured_media":13953,"comment_status":"","ping_status":"","sticky":false,"template":"","format":"standard","meta":{"footnotes":""},"categories":[3],"tags":[],"class_list":["post-13954","post","type-post","status-publish","format-standard","has-post-thumbnail","hentry","category-noticias"],"_links":{"self":[{"href":"https:\/\/hostnetart.com.br\/baixada\/wp-json\/wp\/v2\/posts\/13954","targetHints":{"allow":["GET"]}}],"collection":[{"href":"https:\/\/hostnetart.com.br\/baixada\/wp-json\/wp\/v2\/posts"}],"about":[{"href":"https:\/\/hostnetart.com.br\/baixada\/wp-json\/wp\/v2\/types\/post"}],"author":[{"embeddable":true,"href":"https:\/\/hostnetart.com.br\/baixada\/wp-json\/wp\/v2\/users\/2"}],"replies":[{"embeddable":true,"href":"https:\/\/hostnetart.com.br\/baixada\/wp-json\/wp\/v2\/comments?post=13954"}],"version-history":[{"count":0,"href":"https:\/\/hostnetart.com.br\/baixada\/wp-json\/wp\/v2\/posts\/13954\/revisions"}],"wp:featuredmedia":[{"embeddable":true,"href":"https:\/\/hostnetart.com.br\/baixada\/wp-json\/wp\/v2\/media\/13953"}],"wp:attachment":[{"href":"https:\/\/hostnetart.com.br\/baixada\/wp-json\/wp\/v2\/media?parent=13954"}],"wp:term":[{"taxonomy":"category","embeddable":true,"href":"https:\/\/hostnetart.com.br\/baixada\/wp-json\/wp\/v2\/categories?post=13954"},{"taxonomy":"post_tag","embeddable":true,"href":"https:\/\/hostnetart.com.br\/baixada\/wp-json\/wp\/v2\/tags?post=13954"}],"curies":[{"name":"wp","href":"https:\/\/api.w.org\/{rel}","templated":true}]}}