{"id":13952,"date":"2023-04-13T14:15:13","date_gmt":"2023-04-13T17:15:13","guid":{"rendered":"https:\/\/hostnetart.com.br\/baixada\/caixa-acusacoes-contra-ex-presidente-continuam-sem-desfecho\/"},"modified":"2023-04-13T14:15:13","modified_gmt":"2023-04-13T17:15:13","slug":"caixa-acusacoes-contra-ex-presidente-continuam-sem-desfecho","status":"publish","type":"post","link":"https:\/\/hostnetart.com.br\/baixada\/caixa-acusacoes-contra-ex-presidente-continuam-sem-desfecho\/","title":{"rendered":"Caixa: Acusa\u00e7\u00f5es contra ex-presidente continuam sem desfecho"},"content":{"rendered":"<p>Um ano ap\u00f3s as den\u00fancias de ass\u00e9dio moral e sexual contra o ex-presidente da Caixa Econ\u00f4mica Federal, Pedro Guimar\u00e3es, o caso, que tem desdobramentos nas esferas trabalhista e criminal, ainda n\u00e3o tem um desfecho.<\/p>\n<p>\u201cA Caixa fez um acordo com o MPT (Minist\u00e9rio P\u00fablico do Trabalho) para reduzir a indeniza\u00e7\u00e3o que a ela foi imputada. Mas, defendemos que os preju\u00edzos sejam cobrados de quem cometeu a infra\u00e7\u00e3o. Pois, se o banco tiver que pagar, quem acaba arcando com o \u00f4nus \u00e9 a pr\u00f3pria sociedade\u201d, disse a coordenadora da Comiss\u00e3o Executiva dos Empregados (CEE) da Caixa, Fabiana Uehara Proscholdt, ao defender que os valores sejam cobrados de Pedro Guimar\u00e3es, caso as den\u00fancias sejam comprovadas.<\/p>\n<p>O presidente da Federa\u00e7\u00e3o Nacional das Associa\u00e7\u00f5es do Pessoal da Caixa Econ\u00f4mica Federal (Fenae), Sergio Takemoto,\u00a0<a href=\"https:\/\/www.fenae.org.br\/portal\/fenae-portal\/a-folha-presidente-da-fenae-fala-sobre-desdobramentos-dos-casos-de-assedio-na-caixa.htm\" target=\"_blank\" rel=\"noopener noreferrer\">pede que seja feita a justi\u00e7a<\/a>\u00a0no caso de ass\u00e9dio sexual. \u201cQue a justi\u00e7a seja feita e que haja puni\u00e7\u00e3o dos culpados. Essa \u00e9 a expectativa de todos os empregados\u201d, disse.<\/p>\n<h3><strong>Responsabilidade da Caixa<\/strong><\/h3>\n<p>Para a coordenadora da CEE, a responsabilidade da Caixa deve ser administrativa. \u201cO banco precisa garantir que as den\u00fancias das empregadas e empregados sejam ouvidas e as investiga\u00e7\u00f5es n\u00e3o sejam engavetadas. Tamb\u00e9m deve garantir o sigilo e evitar que haja retalia\u00e7\u00f5es contra os denunciantes. As pessoas que sofrem com o ass\u00e9dio n\u00e3o podem sofrer novamente com as persegui\u00e7\u00f5es\u201d, disse.<\/p>\n<p>De acordo com\u00a0<a href=\"https:\/\/www1.folha.uol.com.br\/mercado\/2023\/04\/caso-pedro-guimaraes-ex-ceo-da-caixa-faz-um-ano-com-novos-desdobramentos-na-justica.shtml\" target=\"_blank\" rel=\"noopener noreferrer\">reportagem veiculada no jornal Folha de S. Paulo<\/a>, em acordo com o MPT, a Caixa se comprometeu a:<\/p>\n<ul>\n<li>Receber e encaminhar as den\u00fancias dos funcion\u00e1rios em at\u00e9 30 dias;<\/li>\n<li>Concluir as investiga\u00e7\u00f5es internas em at\u00e9 seis meses;<\/li>\n<li>Facilitar o recebimento de den\u00fancias.<\/li>\n<\/ul>\n<h3><strong>Outros processos<\/strong><\/h3>\n<p>A Caixa ainda enfrenta outros processos decorrentes da\u00a0<a href=\"https:\/\/contrafcut.com.br\/noticias\/cartilha-relata-gestao-pelo-medo-na-caixa\" target=\"_blank\" rel=\"noopener noreferrer\">gest\u00e3o pelo medo<\/a>\u00a0implementada quando era comandada por Pedro Guimar\u00e3es. No m\u00eas passado, o banco foi condenado a pagar R$ 3,5 milh\u00f5es pelo epis\u00f3dio de 2021 em que o\u00a0<a href=\"https:\/\/www1.folha.uol.com.br\/mercado\/2021\/12\/presidente-da-caixa-obriga-executivos-do-banco-a-fazer-flexoes.shtml\" target=\"_blank\" rel=\"noopener noreferrer\">ex-presidente coagiu funcion\u00e1rios a fazerem flex\u00f5es<\/a>.<\/p>\n<h3><strong>Nova gest\u00e3o<\/strong><\/h3>\n<p>Para o presidente da Fenae, na nova gest\u00e3o houve uma grande mudan\u00e7a de rumo com rela\u00e7\u00e3o ao ass\u00e9dio moral. A percep\u00e7\u00e3o \u00e9 que, agora, existe um ambiente de trabalho mais saud\u00e1vel, mas que tamb\u00e9m cobra a participa\u00e7\u00e3o dos empregados na formula\u00e7\u00e3o e acompanhamento de medidas de combate ao ass\u00e9dio.<\/p>\n<p>\u201cPrecisa haver a participa\u00e7\u00e3o e acompanhamento pelos empregados e por suas entidades de representa\u00e7\u00e3o na formula\u00e7\u00e3o e implementa\u00e7\u00e3o das medidas e programas de combate ao ass\u00e9dio moral e sexual no banco\u201d, completou Takemoto.<\/p>\n<p><strong>Fonte: Contraf-CUT<\/strong><\/p>\n","protected":false},"excerpt":{"rendered":"<p>Um ano ap\u00f3s as den\u00fancias de ass\u00e9dio moral e sexual contra o ex-presidente da Caixa Econ\u00f4mica Federal, Pedro Guimar\u00e3es, o caso, que tem desdobramentos nas esferas trabalhista e criminal, ainda n\u00e3o tem um desfecho. \u201cA Caixa fez um acordo com o MPT (Minist\u00e9rio P\u00fablico do Trabalho) para reduzir a indeniza\u00e7\u00e3o que a ela foi imputada. [&hellip;]<\/p>\n","protected":false},"author":2,"featured_media":13951,"comment_status":"","ping_status":"","sticky":false,"template":"","format":"standard","meta":{"footnotes":""},"categories":[3],"tags":[],"class_list":["post-13952","post","type-post","status-publish","format-standard","has-post-thumbnail","hentry","category-noticias"],"_links":{"self":[{"href":"https:\/\/hostnetart.com.br\/baixada\/wp-json\/wp\/v2\/posts\/13952","targetHints":{"allow":["GET"]}}],"collection":[{"href":"https:\/\/hostnetart.com.br\/baixada\/wp-json\/wp\/v2\/posts"}],"about":[{"href":"https:\/\/hostnetart.com.br\/baixada\/wp-json\/wp\/v2\/types\/post"}],"author":[{"embeddable":true,"href":"https:\/\/hostnetart.com.br\/baixada\/wp-json\/wp\/v2\/users\/2"}],"replies":[{"embeddable":true,"href":"https:\/\/hostnetart.com.br\/baixada\/wp-json\/wp\/v2\/comments?post=13952"}],"version-history":[{"count":0,"href":"https:\/\/hostnetart.com.br\/baixada\/wp-json\/wp\/v2\/posts\/13952\/revisions"}],"wp:featuredmedia":[{"embeddable":true,"href":"https:\/\/hostnetart.com.br\/baixada\/wp-json\/wp\/v2\/media\/13951"}],"wp:attachment":[{"href":"https:\/\/hostnetart.com.br\/baixada\/wp-json\/wp\/v2\/media?parent=13952"}],"wp:term":[{"taxonomy":"category","embeddable":true,"href":"https:\/\/hostnetart.com.br\/baixada\/wp-json\/wp\/v2\/categories?post=13952"},{"taxonomy":"post_tag","embeddable":true,"href":"https:\/\/hostnetart.com.br\/baixada\/wp-json\/wp\/v2\/tags?post=13952"}],"curies":[{"name":"wp","href":"https:\/\/api.w.org\/{rel}","templated":true}]}}