{"id":13950,"date":"2023-04-12T20:55:18","date_gmt":"2023-04-12T23:55:18","guid":{"rendered":"https:\/\/hostnetart.com.br\/baixada\/movimento-sindical-se-reune-com-gepes-sudeste-do-banco-do-brasil\/"},"modified":"2023-04-12T20:55:18","modified_gmt":"2023-04-12T23:55:18","slug":"movimento-sindical-se-reune-com-gepes-sudeste-do-banco-do-brasil","status":"publish","type":"post","link":"https:\/\/hostnetart.com.br\/baixada\/movimento-sindical-se-reune-com-gepes-sudeste-do-banco-do-brasil\/","title":{"rendered":"Movimento Sindical se re\u00fane com Gepes Sudeste do Banco do Brasil"},"content":{"rendered":"<p>Nesta quarta-feira, 12 de abril, a Federa\u00e7\u00e3o dos Trabalhadores do Ramo Financeiro dos Estados do Rio de Janeiro e Esp\u00edrito Santo (Fetraf-RJ\/ES) se reuniu, em sua sede no Centro do Rio de Janeiro, com representantes da Gest\u00e3o de Pessoas (Gepes) Sudeste do Banco do Brasil. O Sindicato dos Banc\u00e1rios da Baixada Fluminense foi representado pela\u00a0Diretora Elizabeth Paradela.<\/p>\n<p>\u00c9 a primeira vez que a Gepes Sudeste vai \u00e0 sede da Fetraf RJ\/ES.<\/p>\n<p>O objetivo foi apresentar reclama\u00e7\u00f5es dos funcion\u00e1rios e funcion\u00e1rias do Banco do Brasil, nas mais diferentes bases da Federa\u00e7\u00e3o, quanto \u00e0 excessiva cobran\u00e7a de metas, ass\u00e9dio moral e descomissionamentos, que est\u00e3o cada vez mais comuns, e que trazem muita instabilidade e inseguran\u00e7a ao ambiente de trabalho e, tamb\u00e9m, contribui para o aumento dos casos de adoecimento ps\u00edquico dos funcion\u00e1rios do BB.<\/p>\n<p>Participaram: Nilton Dami\u00e3o Esperan\u00e7a (Presidente da Fetraf RJ\/ES); Paulo Alves (Presidente do Sindicato dos Banc\u00e1rios de Maca\u00e9 e Regi\u00e3o); Elizabeth\u00a0Paradela (Diretora do Sindicato dos Banc\u00e1rios da Baixada Fluminense); Max Bezerra (Diretor do Sindicato dos Banc\u00e1rios de Nova Friburgo e Regi\u00e3o); Danilo Funke Leme (Diretor de Bancos Federais e representante da Fetraf RJ\/ES na CEBB);\u00a0<span class=\"fontstyle3\">Goretti\u00a0<\/span><span class=\"fontstyle3\">Barone<\/span>,\u00a0Claudia Patricia Pinheiro e\u00a0Beth\u00e2nia Emerick (Diretoras Sindicato dos Banc\u00e1rios do Esp\u00edrito Santo);\u00a0Diego Portilho\u00a0(Gerente Geral da Gepes Sudeste) e Luciano Bruno (Assessor da Gepes Sudeste).<\/p>\n<p>\u201cEssa iniciativa vem de mais um encontro com a representa\u00e7\u00e3o da empresa e que busca estreitar o di\u00e1logo mas, tamb\u00e9m, apontar a necessidade de estarmos preparados para a realidade que se espera do novo papel social do Banco do Brasil no pa\u00eds, com o novo governo do Presidente Lula, principal acionista da empresa. Para isso, \u00e9 fundamental dar total condi\u00e7\u00f5es de trabalho e garantir a sa\u00fade dos funcion\u00e1rios para esse novo momento&#8221;, declarou Danilo Funke.<\/p>\n<p>Para\u00a0<span class=\"fontstyle3\">Goretti\u00a0<\/span><span class=\"fontstyle3\">Barone, &#8220;a\u00a0reuni\u00e3o foi importante pelo fato de manter o di\u00e1logo, especialmente, num momento que se aguarda mudan\u00e7as. Apresentamos nossa pauta sobre os problemas do cotidiano como descomissionamento, ass\u00e9dio moral, press\u00e3o por metas e, consequentemente, o adoecimento. Apresentamos nossas expectativas em rela\u00e7\u00e3o a mudan\u00e7as,\u00a0principalmente,\u00a0no que se refere \u00e0 Gest\u00e3o de Pessoas. \u00c9 importante ter um olhar mais cuidadoso sobre os funcion\u00e1rios.&#8221;<br \/><\/span><\/p>\n<p><span class=\"fontstyle3\">Os representantes da Fetraf RJ\/ES ficaram de passar para a\u00a0Comiss\u00e3o de Empresa dos Funcion\u00e1rios do Banco do Brasil (CEBB) e para o Comando Nacional dos Banc\u00e1rios, um pedido de amplia\u00e7\u00e3o\u00a0da atua\u00e7\u00e3o da Gest\u00e3o de Pessoas (Gepes), inclusive, separado por estados, j\u00e1 que, atualmente, a Gepes Sudeste atende Rio de Janeiro, Esp\u00edrito Santo e Minas Gerais.\u00a0<\/span><\/p>\n<p><span class=\"fontstyle3\">Nilton Dami\u00e3o Esperan\u00e7a tamb\u00e9m comentou a import\u00e2ncia da reuni\u00e3o. &#8220;Estamos otimistas, j\u00e1 que a nova presidenta do Banco do Brasil \u00e9 favor\u00e1vel ao di\u00e1logo e\u00a0pelo, tamb\u00e9m, novo governo federal. Acreditamos que os rumos do que estamos pleiteando sejam solucionados&#8221;.<\/span><\/p>\n<p><strong><span class=\"fontstyle3\">Fonte: Fetraf RJ\/ES<\/span><\/strong><\/p>\n","protected":false},"excerpt":{"rendered":"<p>Nesta quarta-feira, 12 de abril, a Federa\u00e7\u00e3o dos Trabalhadores do Ramo Financeiro dos Estados do Rio de Janeiro e Esp\u00edrito Santo (Fetraf-RJ\/ES) se reuniu, em sua sede no Centro do Rio de Janeiro, com representantes da Gest\u00e3o de Pessoas (Gepes) Sudeste do Banco do Brasil. O Sindicato dos Banc\u00e1rios da Baixada Fluminense foi representado pela\u00a0Diretora [&hellip;]<\/p>\n","protected":false},"author":2,"featured_media":13949,"comment_status":"","ping_status":"","sticky":false,"template":"","format":"standard","meta":{"footnotes":""},"categories":[3],"tags":[],"class_list":["post-13950","post","type-post","status-publish","format-standard","has-post-thumbnail","hentry","category-noticias"],"_links":{"self":[{"href":"https:\/\/hostnetart.com.br\/baixada\/wp-json\/wp\/v2\/posts\/13950","targetHints":{"allow":["GET"]}}],"collection":[{"href":"https:\/\/hostnetart.com.br\/baixada\/wp-json\/wp\/v2\/posts"}],"about":[{"href":"https:\/\/hostnetart.com.br\/baixada\/wp-json\/wp\/v2\/types\/post"}],"author":[{"embeddable":true,"href":"https:\/\/hostnetart.com.br\/baixada\/wp-json\/wp\/v2\/users\/2"}],"replies":[{"embeddable":true,"href":"https:\/\/hostnetart.com.br\/baixada\/wp-json\/wp\/v2\/comments?post=13950"}],"version-history":[{"count":0,"href":"https:\/\/hostnetart.com.br\/baixada\/wp-json\/wp\/v2\/posts\/13950\/revisions"}],"wp:featuredmedia":[{"embeddable":true,"href":"https:\/\/hostnetart.com.br\/baixada\/wp-json\/wp\/v2\/media\/13949"}],"wp:attachment":[{"href":"https:\/\/hostnetart.com.br\/baixada\/wp-json\/wp\/v2\/media?parent=13950"}],"wp:term":[{"taxonomy":"category","embeddable":true,"href":"https:\/\/hostnetart.com.br\/baixada\/wp-json\/wp\/v2\/categories?post=13950"},{"taxonomy":"post_tag","embeddable":true,"href":"https:\/\/hostnetart.com.br\/baixada\/wp-json\/wp\/v2\/tags?post=13950"}],"curies":[{"name":"wp","href":"https:\/\/api.w.org\/{rel}","templated":true}]}}