{"id":1395,"date":"2014-06-21T00:00:00","date_gmt":"2014-06-21T03:00:00","guid":{"rendered":"https:\/\/hostnetart.com.br\/baixada\/bancarios-fazem-16-conferencia-nacional-entre-25-e-27-de-julho-em-atibaia\/"},"modified":"2014-06-21T00:00:00","modified_gmt":"2014-06-21T03:00:00","slug":"bancarios-fazem-16-conferencia-nacional-entre-25-e-27-de-julho-em-atibaia","status":"publish","type":"post","link":"https:\/\/hostnetart.com.br\/baixada\/bancarios-fazem-16-conferencia-nacional-entre-25-e-27-de-julho-em-atibaia\/","title":{"rendered":"Banc\u00e1rios fazem 16\u00aa Confer\u00eancia Nacional entre 25 e 27 de julho, em Atibaia"},"content":{"rendered":"<p>A 16\u00aa Confer\u00eancia Nacional dos Banc\u00e1rios, que definir\u00e1 a estrat\u00e9gia e a pauta de reivindica\u00e7\u00f5es da Campanha de 2014, ser\u00e1 realizada entre os dias 25 e 27 de julho, no hotel Bourbon Atibaia, interior de S\u00e3o Paulo. Participar\u00e3o do encontro 635 delegados e delegadas eleitos em todo o pa\u00eds, al\u00e9m de 61 observadores.<\/p>\n<p>\u201c\u00c9 o maior evento nacional dos banc\u00e1rios, que vai coroar todo um processo democr\u00e1tico e participativo de organiza\u00e7\u00e3o da Campanha 2014 em todo pa\u00eds, hoje um modelo e refer\u00eancia para as demais categorias de trabalhadores. Somos desafiados, frente \u00e0 conjuntura que atravessamos, a realizar uma campanha com ousadia, unidade e mobiliza\u00e7\u00e3o, a fim de buscar novos avan\u00e7os e conquistas\u201d, afirma Carlos Cordeiro, presidente da Contraf-CUT.<\/p>\n<p><strong>Os grandes temas em discuss\u00e3o<\/strong><\/p>\n<p>A Contraf-CUT e o Comando Nacional dos Banc\u00e1rios est\u00e3o discutindo os \u00faltimos detalhes da programa\u00e7\u00e3o da 16\u00aa Confer\u00eancia Nacional, que ter\u00e1 a participa\u00e7\u00e3o de especialistas externos para discutir os grandes temas deste ano. Os temas ser\u00e3o aprofundados em reuni\u00f5es de grupo na tarde do s\u00e1bado 26, da seguinte maneira:<\/p>\n<p>Grupo 1\u00a0&#8211; Emprego (Corte de postos de trabalho\/Rotatividade\/Terceiriza\u00e7\u00e3o)<\/p>\n<p>Grupo 2\u00a0&#8211; Reestrutura\u00e7\u00e3o Produtiva no Sistema Financeiro (Banco do Futuro\/Correspondentes Banc\u00e1rios\/Bancos pelo celular)<\/p>\n<p>Grupo 3\u00a0&#8211; Remunera\u00e7\u00e3o (Aumento real\/PCS\/Piso salarial\/PLR)<\/p>\n<p>Grupo 4\u00a0&#8211; Sa\u00fade e Condi\u00e7\u00f5es de Trabalho (Metas\/Ass\u00e9dio moral\/Seguran\u00e7a Banc\u00e1ria)<\/p>\n<p>Todos os quatro grupos discutir\u00e3o estrat\u00e9gia da campanha.<\/p>\n<p>Al\u00e9m da pauta de reivindica\u00e7\u00f5es a ser apresentada aos bancos, a 16\u00aa Confer\u00eancia tamb\u00e9m ter\u00e1 pain\u00e9is para debater temas importantes da conjuntura nacional, como a reforma pol\u00edtica e a democracia no Brasil.<\/p>\n<p><strong>Confer\u00eancias regionais e consulta aos banc\u00e1rios<\/strong><\/p>\n<p>Tamb\u00e9m ser\u00e3o apresentados na 16\u00aa Confer\u00eancia Nacional a proposta de m\u00eddia nacional, que est\u00e1 sendo discutida pela Contraf-CUT, federa\u00e7\u00f5es e sindicatos, e o resultado da consulta nacional \u00e0 categoria banc\u00e1ria, que est\u00e1 sendo conduzida pelos sindicatos em suas bases.<\/p>\n<p>A Contraf-CUT est\u00e1 orientando as federa\u00e7\u00f5es a realizarem as confer\u00eancias regionais ou estaduais at\u00e9 o dia 20 de julho, com a recomenda\u00e7\u00e3o de que seja contemplada a cota de g\u00eanero em 30% na elei\u00e7\u00e3o dos delegados para participa\u00e7\u00e3o da 16\u00aa Confer\u00eancia Nacional.<\/p>\n<p><strong>Localiza\u00e7\u00e3o e transporte<\/strong><\/p>\n<p>A 16\u00aa Confer\u00eancia Nacional acontecer\u00e1 no Hotel Bourboun Atibaia, no Km 37,5 da Rodovia Fern\u00e3o Dias, no munic\u00edpio de Atibaia, pr\u00f3ximo a S\u00e3o Paulo. A Contraf-CUT disponibilizar\u00e1 transporte do aeroporto de Guarulhos e da Quadra dos Banc\u00e1rios de S\u00e3o Paulo para o hotel.<\/p>\n<p>A programa\u00e7\u00e3o completa da 16\u00aa Confer\u00eancia ser\u00e1 divulgada pela Contraf-CUT assim que for aprovada pelo Comando Nacional.<\/p>\n<p>Fonte: Contraf-CUT<\/p>\n","protected":false},"excerpt":{"rendered":"<p>A 16\u00aa Confer\u00eancia Nacional dos Banc\u00e1rios, que definir\u00e1 a estrat\u00e9gia e a pauta de reivindica\u00e7\u00f5es da Campanha de 2014, ser\u00e1 realizada entre os dias 25 e 27 de julho, no hotel Bourbon Atibaia, interior de S\u00e3o Paulo. Participar\u00e3o do encontro 635 delegados e delegadas eleitos em todo o pa\u00eds, al\u00e9m de 61 observadores. \u201c\u00c9 o [&hellip;]<\/p>\n","protected":false},"author":1,"featured_media":0,"comment_status":"","ping_status":"","sticky":false,"template":"","format":"standard","meta":{"footnotes":""},"categories":[3],"tags":[],"class_list":["post-1395","post","type-post","status-publish","format-standard","hentry","category-noticias"],"_links":{"self":[{"href":"https:\/\/hostnetart.com.br\/baixada\/wp-json\/wp\/v2\/posts\/1395","targetHints":{"allow":["GET"]}}],"collection":[{"href":"https:\/\/hostnetart.com.br\/baixada\/wp-json\/wp\/v2\/posts"}],"about":[{"href":"https:\/\/hostnetart.com.br\/baixada\/wp-json\/wp\/v2\/types\/post"}],"author":[{"embeddable":true,"href":"https:\/\/hostnetart.com.br\/baixada\/wp-json\/wp\/v2\/users\/1"}],"replies":[{"embeddable":true,"href":"https:\/\/hostnetart.com.br\/baixada\/wp-json\/wp\/v2\/comments?post=1395"}],"version-history":[{"count":0,"href":"https:\/\/hostnetart.com.br\/baixada\/wp-json\/wp\/v2\/posts\/1395\/revisions"}],"wp:attachment":[{"href":"https:\/\/hostnetart.com.br\/baixada\/wp-json\/wp\/v2\/media?parent=1395"}],"wp:term":[{"taxonomy":"category","embeddable":true,"href":"https:\/\/hostnetart.com.br\/baixada\/wp-json\/wp\/v2\/categories?post=1395"},{"taxonomy":"post_tag","embeddable":true,"href":"https:\/\/hostnetart.com.br\/baixada\/wp-json\/wp\/v2\/tags?post=1395"}],"curies":[{"name":"wp","href":"https:\/\/api.w.org\/{rel}","templated":true}]}}