{"id":13948,"date":"2023-04-11T20:22:02","date_gmt":"2023-04-11T23:22:02","guid":{"rendered":"https:\/\/hostnetart.com.br\/baixada\/campanha-de-vacinacao-do-santander-contra-gripe-comeca-dia-17-de-abril\/"},"modified":"2023-04-11T20:22:02","modified_gmt":"2023-04-11T23:22:02","slug":"campanha-de-vacinacao-do-santander-contra-gripe-comeca-dia-17-de-abril","status":"publish","type":"post","link":"https:\/\/hostnetart.com.br\/baixada\/campanha-de-vacinacao-do-santander-contra-gripe-comeca-dia-17-de-abril\/","title":{"rendered":"Campanha de vacina\u00e7\u00e3o do Santander contra gripe come\u00e7a dia 17 de abril"},"content":{"rendered":"<p>Come\u00e7a na pr\u00f3xima segunda-feira (17) a campanha de vacina\u00e7\u00e3o do Santander contra a gripe, para todas as funcion\u00e1rias e funcion\u00e1rios. A a\u00e7\u00e3o, que faz parte da pauta permanente do movimento sindical para a sa\u00fade dos trabalhadores, segue at\u00e9 o dia 31 de julho.<\/p>\n<p>Os familiares dos funcion\u00e1rios do Santander tamb\u00e9m poder\u00e3o participar da campanha de vacina\u00e7\u00e3o, pelo valor especial de R$ 80 reais. As informa\u00e7\u00f5es para agendamento j\u00e1 est\u00e3o dispon\u00edveis no Portal RH e NOW.<\/p>\n<p>\u201cPara n\u00f3s, a campanha de vacina\u00e7\u00e3o \u00e9 um elemento central na pauta de sa\u00fade das trabalhadoras e trabalhadores do Santander. N\u00f3s estimulamos que todos se vacinem e incentivem tamb\u00e9m a imuniza\u00e7\u00e3o dos seus familiares. Vacina salva vidas e \u00e9 um dever coletivo\u201d, refor\u00e7ou Lucimara Malaquias, coordenadora da Comiss\u00e3o de Organiza\u00e7\u00e3o dos Empregados (COE) do Santander.<\/p>\n<h3>Semana da sa\u00fade<\/h3>\n<p>A campanha ser\u00e1 lan\u00e7ada na abertura da Semana Be Healthy Family Day, evento que tamb\u00e9m come\u00e7a no dia 17, com uma a\u00e7\u00e3o das 10h \u00e0s 16h no espelho d\u00b4\u00e1gua da Torre Santander, na capital paulista.<\/p>\n<p>No mesmo dia ser\u00e3o realizados Aul\u00f5es em parceria com a Gympass em nove cidades: S\u00e3o Paulo, Campinas (Data Center Santander), S\u00e3o Carlos (UFSCAR), Rio de Janeiro (Aterro do Flamengo), Curitiba (Parque Barigui), Porto Alegre (Parque Brigada Militar), Bras\u00edlia (Parque da Cidade Sarah Kubitschek), Recife (Parque Santana) e Salvador (Pra\u00e7a Ana L\u00facia Magalh\u00e3es, Pituba).<\/p>\n<p>Lucimara enfatizou que todas essas novidades, da semana de sa\u00fade deste ano, s\u00e3o importantes. \u201cReivindicamos que o Santander estenda essas atividades para todo o pa\u00eds. E mais do que isso, que mantenha a campanha permanente e ativa de vacina\u00e7\u00e3o e de preven\u00e7\u00e3o de doen\u00e7as, bem como de promo\u00e7\u00e3o \u00e0 sa\u00fade\u201d, completou.<\/p>\n<p>Mais informa\u00e7\u00f5es sobre todas as a\u00e7\u00f5es voltadas \u00e0 sa\u00fade est\u00e3o no Portal Pessoas. Os funcion\u00e1rios que quiserem participar dos Aul\u00f5es em parceria com a Gympass devem se inscrever pelo WhatsApp do Now.<\/p>\n<p>*<a href=\"https:\/\/spbancarios.com.br\/04\/2023\/santander-lanca-campanha-de-vacinacao-contra-gripe-com-novidades\" target=\"_blank\" rel=\"noopener noreferrer\">Fonte Seeb\/SP \u2013 site SPBanc\u00e1rios<\/a><\/p>\n","protected":false},"excerpt":{"rendered":"<p>Come\u00e7a na pr\u00f3xima segunda-feira (17) a campanha de vacina\u00e7\u00e3o do Santander contra a gripe, para todas as funcion\u00e1rias e funcion\u00e1rios. A a\u00e7\u00e3o, que faz parte da pauta permanente do movimento sindical para a sa\u00fade dos trabalhadores, segue at\u00e9 o dia 31 de julho. Os familiares dos funcion\u00e1rios do Santander tamb\u00e9m poder\u00e3o participar da campanha de [&hellip;]<\/p>\n","protected":false},"author":2,"featured_media":13947,"comment_status":"","ping_status":"","sticky":false,"template":"","format":"standard","meta":{"footnotes":""},"categories":[3],"tags":[],"class_list":["post-13948","post","type-post","status-publish","format-standard","has-post-thumbnail","hentry","category-noticias"],"_links":{"self":[{"href":"https:\/\/hostnetart.com.br\/baixada\/wp-json\/wp\/v2\/posts\/13948","targetHints":{"allow":["GET"]}}],"collection":[{"href":"https:\/\/hostnetart.com.br\/baixada\/wp-json\/wp\/v2\/posts"}],"about":[{"href":"https:\/\/hostnetart.com.br\/baixada\/wp-json\/wp\/v2\/types\/post"}],"author":[{"embeddable":true,"href":"https:\/\/hostnetart.com.br\/baixada\/wp-json\/wp\/v2\/users\/2"}],"replies":[{"embeddable":true,"href":"https:\/\/hostnetart.com.br\/baixada\/wp-json\/wp\/v2\/comments?post=13948"}],"version-history":[{"count":0,"href":"https:\/\/hostnetart.com.br\/baixada\/wp-json\/wp\/v2\/posts\/13948\/revisions"}],"wp:featuredmedia":[{"embeddable":true,"href":"https:\/\/hostnetart.com.br\/baixada\/wp-json\/wp\/v2\/media\/13947"}],"wp:attachment":[{"href":"https:\/\/hostnetart.com.br\/baixada\/wp-json\/wp\/v2\/media?parent=13948"}],"wp:term":[{"taxonomy":"category","embeddable":true,"href":"https:\/\/hostnetart.com.br\/baixada\/wp-json\/wp\/v2\/categories?post=13948"},{"taxonomy":"post_tag","embeddable":true,"href":"https:\/\/hostnetart.com.br\/baixada\/wp-json\/wp\/v2\/tags?post=13948"}],"curies":[{"name":"wp","href":"https:\/\/api.w.org\/{rel}","templated":true}]}}