{"id":13936,"date":"2023-04-10T20:58:42","date_gmt":"2023-04-10T23:58:42","guid":{"rendered":"https:\/\/hostnetart.com.br\/baixada\/movimento-sindical-lanca-campanha-menos-metas-mais-saude\/"},"modified":"2023-04-10T20:58:42","modified_gmt":"2023-04-10T23:58:42","slug":"movimento-sindical-lanca-campanha-menos-metas-mais-saude","status":"publish","type":"post","link":"https:\/\/hostnetart.com.br\/baixada\/movimento-sindical-lanca-campanha-menos-metas-mais-saude\/","title":{"rendered":"Movimento Sindical lan\u00e7a Campanha Menos Metas, Mais Sa\u00fade"},"content":{"rendered":"<p>O Movimento Sindical Banc\u00e1rio, atrav\u00e9s da Confedera\u00e7\u00e3o Nacional dos Trabalhadores do Ramo Financeiro (Contraf-CUT) lan\u00e7a a Campanha Menos Metas, Mais Sa\u00fade para evidenciar o cen\u00e1rio de adoecimento f\u00edsico e mental dos trabalhadores do ramo financeiro. Os transtornos psicol\u00f3gicos e as LER\/Dort s\u00e3o alguns dos velhos problemas conhecidos pela categoria, h\u00e1 anos submetida a cobran\u00e7as e metas excessivas.<\/p>\n<p>Mauro Salles, secret\u00e1rio de Sa\u00fade da Contraf-CUT, afirmou que a responsabilidade por essa situa\u00e7\u00e3o \u00e9 inteiramente da gest\u00e3o dos bancos. \u201cProfissionais de ag\u00eancia, do cr\u00e9dito, do call center, de TI: n\u00e3o h\u00e1 quem saia ileso. Dentro dos bancos, o individualismo \u00e9 refor\u00e7ado a todo tempo, em detrimento da coletividade\u201d.<\/p>\n<p>Para chamar a aten\u00e7\u00e3o da popula\u00e7\u00e3o, os trabalhadores preparam um Dia Nacional de Luta, marcado pelo lan\u00e7amento oficial da campanha, prevista para durar seis meses. A campanha Menos Metas, Mais Sa\u00fade foi criada para fortalecer o necess\u00e1rio enfrentamento \u00e0s pol\u00edticas praticadas pelos bancos, que tem levado a categoria ao adoecimento. \u201cO Coletivo Nacional de Sa\u00fade da Contraf-CUT quer dar visibilidade ao alto n\u00famero de adoecimento pelas metas abusivas, press\u00e3o por resultados e ass\u00e9dio moral para erradicar essas pr\u00e1ticas\u201d, explicou Mauro.<\/p>\n<p><strong>Fonte: Contraf-CUT<\/strong><\/p>\n","protected":false},"excerpt":{"rendered":"<p>O Movimento Sindical Banc\u00e1rio, atrav\u00e9s da Confedera\u00e7\u00e3o Nacional dos Trabalhadores do Ramo Financeiro (Contraf-CUT) lan\u00e7a a Campanha Menos Metas, Mais Sa\u00fade para evidenciar o cen\u00e1rio de adoecimento f\u00edsico e mental dos trabalhadores do ramo financeiro. Os transtornos psicol\u00f3gicos e as LER\/Dort s\u00e3o alguns dos velhos problemas conhecidos pela categoria, h\u00e1 anos submetida a cobran\u00e7as e [&hellip;]<\/p>\n","protected":false},"author":2,"featured_media":13935,"comment_status":"","ping_status":"","sticky":false,"template":"","format":"standard","meta":{"footnotes":""},"categories":[3],"tags":[],"class_list":["post-13936","post","type-post","status-publish","format-standard","has-post-thumbnail","hentry","category-noticias"],"_links":{"self":[{"href":"https:\/\/hostnetart.com.br\/baixada\/wp-json\/wp\/v2\/posts\/13936","targetHints":{"allow":["GET"]}}],"collection":[{"href":"https:\/\/hostnetart.com.br\/baixada\/wp-json\/wp\/v2\/posts"}],"about":[{"href":"https:\/\/hostnetart.com.br\/baixada\/wp-json\/wp\/v2\/types\/post"}],"author":[{"embeddable":true,"href":"https:\/\/hostnetart.com.br\/baixada\/wp-json\/wp\/v2\/users\/2"}],"replies":[{"embeddable":true,"href":"https:\/\/hostnetart.com.br\/baixada\/wp-json\/wp\/v2\/comments?post=13936"}],"version-history":[{"count":0,"href":"https:\/\/hostnetart.com.br\/baixada\/wp-json\/wp\/v2\/posts\/13936\/revisions"}],"wp:featuredmedia":[{"embeddable":true,"href":"https:\/\/hostnetart.com.br\/baixada\/wp-json\/wp\/v2\/media\/13935"}],"wp:attachment":[{"href":"https:\/\/hostnetart.com.br\/baixada\/wp-json\/wp\/v2\/media?parent=13936"}],"wp:term":[{"taxonomy":"category","embeddable":true,"href":"https:\/\/hostnetart.com.br\/baixada\/wp-json\/wp\/v2\/categories?post=13936"},{"taxonomy":"post_tag","embeddable":true,"href":"https:\/\/hostnetart.com.br\/baixada\/wp-json\/wp\/v2\/tags?post=13936"}],"curies":[{"name":"wp","href":"https:\/\/api.w.org\/{rel}","templated":true}]}}