{"id":13932,"date":"2023-04-10T20:14:52","date_gmt":"2023-04-10T23:14:52","guid":{"rendered":"https:\/\/hostnetart.com.br\/baixada\/bancarios-e-fenaban-se-reunem-para-lancamento-de-programa-de-prevencao-a-violencia-de-genero\/"},"modified":"2023-04-10T20:14:52","modified_gmt":"2023-04-10T23:14:52","slug":"bancarios-e-fenaban-se-reunem-para-lancamento-de-programa-de-prevencao-a-violencia-de-genero","status":"publish","type":"post","link":"https:\/\/hostnetart.com.br\/baixada\/bancarios-e-fenaban-se-reunem-para-lancamento-de-programa-de-prevencao-a-violencia-de-genero\/","title":{"rendered":"Banc\u00e1rios e Fenaban se re\u00fanem para lan\u00e7amento de programa de preven\u00e7\u00e3o \u00e0 viol\u00eancia de g\u00eanero"},"content":{"rendered":"<p>O Comando Nacional dos Banc\u00e1rios se reunir\u00e1 nesta segunda-feira (10), com a Federa\u00e7\u00e3o Nacional dos Bancos (Fenaban) para o lan\u00e7amento do Programa Nacional de Preven\u00e7\u00e3o \u00e0 Viol\u00eancia contra as Mulheres.<\/p>\n<p>O evento ocorrer\u00e1 no Hotel Intercontinental, em S\u00e3o Paulo, mas tamb\u00e9m poder\u00e1 ser acompanhado por transmiss\u00e3o ao vivo, nos canais do Youtube da Febraban e da Confedera\u00e7\u00e3o Nacional dos Trabalhadores do Ramo Financeiro (Contraf-CUT) \u2013\u00a0<strong><a href=\"https:\/\/www.youtube.com\/watch?v=m_OJkSfZKB8\" target=\"_blank\" rel=\"noopener noreferrer\">link aqui<\/a><\/strong>.<\/p>\n<p>Al\u00e9m da participa\u00e7\u00e3o das coordenadoras do Comando Nacional dos Banc\u00e1rios, Juvandia Moreira (presidenta da Contraf-CUT) e Ivone Silva (presidenta do Sindicato dos Banc\u00e1rios e Financi\u00e1rios de S\u00e3o Paulo, Osasco e Regi\u00e3o), est\u00e3o confirmadas a participa\u00e7\u00e3o online da Ministra das Mulheres, Cida Gon\u00e7alves, e de representantes dos bancos.\u00a0<\/p>\n<h3>Cobran\u00e7a da categoria<\/h3>\n<p>\u201cO combate ao ass\u00e9dio sexual \u00e9 uma conquista da categoria, obtida na Conven\u00e7\u00e3o Coletiva de Trabalho (CCT). Nessa ocasi\u00e3o, para atender nossa demanda, os bancos fizeram o compromisso de contratar entidades n\u00e3o governamentais para estabelecer programas de combate \u00e0 viol\u00eancia e desigualdade de g\u00eanero\u201d, explica a Secret\u00e1ria da Mulher da Contraf-CUT, Fernanda Lopes. \u201cNo encontro que acontecer\u00e1 na pr\u00f3xima segunda, as tr\u00eas ONGs contratadas pelos bancos v\u00e3o apresentar os planos de trabalho\u201d, completa.<\/p>\n<p>A implementa\u00e7\u00e3o e divulga\u00e7\u00e3o de canais de combate \u00e0 viol\u00eancia dom\u00e9stica tamb\u00e9m \u00e9 uma cobran\u00e7a da categoria banc\u00e1ria,\u00a0<a href=\"https:\/\/contrafcut.com.br\/noticias\/bancarios-cobram-da-fenaban-aprimoramento-de-canais-contra-assedio-e-valorizacao-das-mulheres\/\" target=\"_blank\" rel=\"noopener noreferrer\">refor\u00e7ada no \u00faltimo encontro da mesa de negocia\u00e7\u00e3o sobre Igualdade de Oportunidade<\/a>, que ocorreu em 14 de mar\u00e7o. \u201cN\u00f3s estamos aguardando que o banco nos apresente um balan\u00e7o sobre os programas, os n\u00fameros de atendimento e tamb\u00e9m que os canais sejam melhor divulgados para as funcion\u00e1rias. Queremos entender como os canais est\u00e3o funcionando, como est\u00e1 sendo a recep\u00e7\u00e3o das v\u00edtimas e o encaminhamento, inclusive, jur\u00eddico que os bancos est\u00e3o dando \u00e0s mulheres que fazem den\u00fancias\u201d, destaca Fernanda Lopes, lembrando que o combate \u00e0 viol\u00eancia dom\u00e9stica foi uma conquista da CCT de 2020 e que inclui a cria\u00e7\u00e3o de um programa de preven\u00e7\u00e3o \u00e0 pr\u00e1tica de viol\u00eancia dom\u00e9stica e familiar contra banc\u00e1rias, incluindo a cria\u00e7\u00e3o de canais de acolhimento, orienta\u00e7\u00e3o e aux\u00edlio \u00e0s v\u00edtimas.<\/p>\n<p><strong>Fonte: Contraf-CUT<\/strong><\/p>\n","protected":false},"excerpt":{"rendered":"<p>O Comando Nacional dos Banc\u00e1rios se reunir\u00e1 nesta segunda-feira (10), com a Federa\u00e7\u00e3o Nacional dos Bancos (Fenaban) para o lan\u00e7amento do Programa Nacional de Preven\u00e7\u00e3o \u00e0 Viol\u00eancia contra as Mulheres. O evento ocorrer\u00e1 no Hotel Intercontinental, em S\u00e3o Paulo, mas tamb\u00e9m poder\u00e1 ser acompanhado por transmiss\u00e3o ao vivo, nos canais do Youtube da Febraban e [&hellip;]<\/p>\n","protected":false},"author":2,"featured_media":13931,"comment_status":"","ping_status":"","sticky":false,"template":"","format":"standard","meta":{"footnotes":""},"categories":[3],"tags":[],"class_list":["post-13932","post","type-post","status-publish","format-standard","has-post-thumbnail","hentry","category-noticias"],"_links":{"self":[{"href":"https:\/\/hostnetart.com.br\/baixada\/wp-json\/wp\/v2\/posts\/13932","targetHints":{"allow":["GET"]}}],"collection":[{"href":"https:\/\/hostnetart.com.br\/baixada\/wp-json\/wp\/v2\/posts"}],"about":[{"href":"https:\/\/hostnetart.com.br\/baixada\/wp-json\/wp\/v2\/types\/post"}],"author":[{"embeddable":true,"href":"https:\/\/hostnetart.com.br\/baixada\/wp-json\/wp\/v2\/users\/2"}],"replies":[{"embeddable":true,"href":"https:\/\/hostnetart.com.br\/baixada\/wp-json\/wp\/v2\/comments?post=13932"}],"version-history":[{"count":0,"href":"https:\/\/hostnetart.com.br\/baixada\/wp-json\/wp\/v2\/posts\/13932\/revisions"}],"wp:featuredmedia":[{"embeddable":true,"href":"https:\/\/hostnetart.com.br\/baixada\/wp-json\/wp\/v2\/media\/13931"}],"wp:attachment":[{"href":"https:\/\/hostnetart.com.br\/baixada\/wp-json\/wp\/v2\/media?parent=13932"}],"wp:term":[{"taxonomy":"category","embeddable":true,"href":"https:\/\/hostnetart.com.br\/baixada\/wp-json\/wp\/v2\/categories?post=13932"},{"taxonomy":"post_tag","embeddable":true,"href":"https:\/\/hostnetart.com.br\/baixada\/wp-json\/wp\/v2\/tags?post=13932"}],"curies":[{"name":"wp","href":"https:\/\/api.w.org\/{rel}","templated":true}]}}