{"id":13926,"date":"2023-04-06T15:54:20","date_gmt":"2023-04-06T18:54:20","guid":{"rendered":"https:\/\/hostnetart.com.br\/baixada\/bancarios-protestam-contra-indicacao-de-bolsonarista-para-diretoria-do-bnb\/"},"modified":"2023-04-06T15:54:20","modified_gmt":"2023-04-06T18:54:20","slug":"bancarios-protestam-contra-indicacao-de-bolsonarista-para-diretoria-do-bnb","status":"publish","type":"post","link":"https:\/\/hostnetart.com.br\/baixada\/bancarios-protestam-contra-indicacao-de-bolsonarista-para-diretoria-do-bnb\/","title":{"rendered":"Banc\u00e1rios protestam contra indica\u00e7\u00e3o de bolsonarista para diretoria do BNB"},"content":{"rendered":"<p>A Confedera\u00e7\u00e3o Nacional dos Trabalhadores do Ramo Financeiro, por meio da Comiss\u00e3o Nacional dos Funcion\u00e1rios do Banco do Nordeste do Brasil, orienta que todos os sindicatos que possuam unidades do Banco do Nordeste do Brasil (BNB) em sua base realizem, a partir desta quinta-feira (6), atos de protesto contra a indica\u00e7\u00e3o do atual diretor de Neg\u00f3cios, Anderson Possa, para o cargo de diretor Administrativo e de Tecnologia da Informa\u00e7\u00e3o da institui\u00e7\u00e3o.<\/p>\n<p>Os atos devem ser realizados na frente das principais ag\u00eancias do BNB em cada estado. No Cear\u00e1, a manifesta\u00e7\u00e3o ocorrer\u00e1 nesta quinta-feira, a partir das 7h, na sede da dire\u00e7\u00e3o geral do banco, no Centro Administrativo do Passar\u00e9.<\/p>\n<p>A indica\u00e7\u00e3o de Possa para a nova fun\u00e7\u00e3o foi feita pelo agrupamento pol\u00edtico, com forte identifica\u00e7\u00e3o com o bolsonarismo na C\u00e2mara dos Deputados, que o manteve na diretoria do banco p\u00fablico regional durante todo o governo passado.<\/p>\n<p>Texto\u00a0<a href=\"https:\/\/www.bancariosce.org.br\/comissao-nacional-orienta-realizacao-de-atos-de-protesto-contra-indicacao-de-bolsonarista-para-diretoria-de-recursos-humanos-do-bnb\/\" target=\"_blank\" rel=\"noopener noreferrer\">divulgado pelo Sindicato dos Banc\u00e1rios do Cear\u00e1<\/a>, afirma que \u201cden\u00fancias an\u00f4nimas e sigilosas recebidas por representantes dos sindicatos de banc\u00e1rios de toda a regi\u00e3o Nordeste desabonam a indica\u00e7\u00e3o de Possa na nova dire\u00e7\u00e3o do BNB\u201d.<\/p>\n<p>O texto observa ainda que \u201ca manuten\u00e7\u00e3o de modelos de gest\u00e3o ligados ao governo anterior, baseados na cultura do medo, n\u00e3o condiz com a mudan\u00e7a escolhida pela maioria da popula\u00e7\u00e3o na \u00faltima elei\u00e7\u00e3o\u201d, e ressalta que \u201ccom tais atributos negativos, \u00e9 inadmiss\u00edvel ver a continuidade de Anderson Possa, bolsonarista convicto, na dire\u00e7\u00e3o do BNB. Ainda mais quando o cargo a ser ocupado \u00e9 exatamente aquele respons\u00e1vel pelas negocia\u00e7\u00f5es trabalhistas junto \u00e0s entidades sindicais\u201d.<\/p>\n<p><strong>Fonte:\u00a0Contraf-CUT, com Seeb\/CE<\/strong><\/p>\n","protected":false},"excerpt":{"rendered":"<p>A Confedera\u00e7\u00e3o Nacional dos Trabalhadores do Ramo Financeiro, por meio da Comiss\u00e3o Nacional dos Funcion\u00e1rios do Banco do Nordeste do Brasil, orienta que todos os sindicatos que possuam unidades do Banco do Nordeste do Brasil (BNB) em sua base realizem, a partir desta quinta-feira (6), atos de protesto contra a indica\u00e7\u00e3o do atual diretor de [&hellip;]<\/p>\n","protected":false},"author":2,"featured_media":13925,"comment_status":"","ping_status":"","sticky":false,"template":"","format":"standard","meta":{"footnotes":""},"categories":[3],"tags":[],"class_list":["post-13926","post","type-post","status-publish","format-standard","has-post-thumbnail","hentry","category-noticias"],"_links":{"self":[{"href":"https:\/\/hostnetart.com.br\/baixada\/wp-json\/wp\/v2\/posts\/13926","targetHints":{"allow":["GET"]}}],"collection":[{"href":"https:\/\/hostnetart.com.br\/baixada\/wp-json\/wp\/v2\/posts"}],"about":[{"href":"https:\/\/hostnetart.com.br\/baixada\/wp-json\/wp\/v2\/types\/post"}],"author":[{"embeddable":true,"href":"https:\/\/hostnetart.com.br\/baixada\/wp-json\/wp\/v2\/users\/2"}],"replies":[{"embeddable":true,"href":"https:\/\/hostnetart.com.br\/baixada\/wp-json\/wp\/v2\/comments?post=13926"}],"version-history":[{"count":0,"href":"https:\/\/hostnetart.com.br\/baixada\/wp-json\/wp\/v2\/posts\/13926\/revisions"}],"wp:featuredmedia":[{"embeddable":true,"href":"https:\/\/hostnetart.com.br\/baixada\/wp-json\/wp\/v2\/media\/13925"}],"wp:attachment":[{"href":"https:\/\/hostnetart.com.br\/baixada\/wp-json\/wp\/v2\/media?parent=13926"}],"wp:term":[{"taxonomy":"category","embeddable":true,"href":"https:\/\/hostnetart.com.br\/baixada\/wp-json\/wp\/v2\/categories?post=13926"},{"taxonomy":"post_tag","embeddable":true,"href":"https:\/\/hostnetart.com.br\/baixada\/wp-json\/wp\/v2\/tags?post=13926"}],"curies":[{"name":"wp","href":"https:\/\/api.w.org\/{rel}","templated":true}]}}