{"id":13924,"date":"2023-04-05T18:54:54","date_gmt":"2023-04-05T21:54:54","guid":{"rendered":"https:\/\/hostnetart.com.br\/baixada\/funcionarios-e-bndes-debatem-plano-de-saude\/"},"modified":"2023-04-05T18:54:54","modified_gmt":"2023-04-05T21:54:54","slug":"funcionarios-e-bndes-debatem-plano-de-saude","status":"publish","type":"post","link":"https:\/\/hostnetart.com.br\/baixada\/funcionarios-e-bndes-debatem-plano-de-saude\/","title":{"rendered":"Funcion\u00e1rios e BNDES debatem plano de sa\u00fade"},"content":{"rendered":"<p>Representantes dos funcion\u00e1rios do Sistema BNDES, que inclui, al\u00e9m do banco, as subsidi\u00e1rias BNDESPAR e Finame, se re\u00fanem com a entidade na tarde desta quinta-feira (6), no Rio de Janeiro.<\/p>\n<p>A pauta \u00e9 o plano de sa\u00fade, oferecido a funcion\u00e1rios, aposentados e seus dependentes, como definido no par\u00e1grafo 4\u00ba da cl\u00e1usula 32 do Acordo Coletivo de Trabalho (ACT), assinado com o BNDES no ano passado.<\/p>\n<p>Essa \u00e9 a terceira rodada de negocia\u00e7\u00e3o, no \u00e2mbito do Grupo de Trabalho (GT) espec\u00edfico para a quest\u00e3o, para debater a manuten\u00e7\u00e3o do plano nos moldes atuais ou a ado\u00e7\u00e3o de eventuais modifica\u00e7\u00f5es.<\/p>\n<p>A Confedera\u00e7\u00e3o Nacional dos Trabalhadores do Ramo Financeiro (Contraf-CUT), representada pelo vice-presidente Vin\u00edcius Assump\u00e7\u00e3o, est\u00e1 entre as entidades sindicais e associa\u00e7\u00f5es que participam das negocia\u00e7\u00f5es em nome dos funcion\u00e1rios.<\/p>\n<p><strong>Fonte: Contraf-CUT<\/strong><\/p>\n","protected":false},"excerpt":{"rendered":"<p>Representantes dos funcion\u00e1rios do Sistema BNDES, que inclui, al\u00e9m do banco, as subsidi\u00e1rias BNDESPAR e Finame, se re\u00fanem com a entidade na tarde desta quinta-feira (6), no Rio de Janeiro. A pauta \u00e9 o plano de sa\u00fade, oferecido a funcion\u00e1rios, aposentados e seus dependentes, como definido no par\u00e1grafo 4\u00ba da cl\u00e1usula 32 do Acordo Coletivo [&hellip;]<\/p>\n","protected":false},"author":2,"featured_media":13923,"comment_status":"","ping_status":"","sticky":false,"template":"","format":"standard","meta":{"footnotes":""},"categories":[3],"tags":[],"class_list":["post-13924","post","type-post","status-publish","format-standard","has-post-thumbnail","hentry","category-noticias"],"_links":{"self":[{"href":"https:\/\/hostnetart.com.br\/baixada\/wp-json\/wp\/v2\/posts\/13924","targetHints":{"allow":["GET"]}}],"collection":[{"href":"https:\/\/hostnetart.com.br\/baixada\/wp-json\/wp\/v2\/posts"}],"about":[{"href":"https:\/\/hostnetart.com.br\/baixada\/wp-json\/wp\/v2\/types\/post"}],"author":[{"embeddable":true,"href":"https:\/\/hostnetart.com.br\/baixada\/wp-json\/wp\/v2\/users\/2"}],"replies":[{"embeddable":true,"href":"https:\/\/hostnetart.com.br\/baixada\/wp-json\/wp\/v2\/comments?post=13924"}],"version-history":[{"count":0,"href":"https:\/\/hostnetart.com.br\/baixada\/wp-json\/wp\/v2\/posts\/13924\/revisions"}],"wp:featuredmedia":[{"embeddable":true,"href":"https:\/\/hostnetart.com.br\/baixada\/wp-json\/wp\/v2\/media\/13923"}],"wp:attachment":[{"href":"https:\/\/hostnetart.com.br\/baixada\/wp-json\/wp\/v2\/media?parent=13924"}],"wp:term":[{"taxonomy":"category","embeddable":true,"href":"https:\/\/hostnetart.com.br\/baixada\/wp-json\/wp\/v2\/categories?post=13924"},{"taxonomy":"post_tag","embeddable":true,"href":"https:\/\/hostnetart.com.br\/baixada\/wp-json\/wp\/v2\/tags?post=13924"}],"curies":[{"name":"wp","href":"https:\/\/api.w.org\/{rel}","templated":true}]}}