{"id":13920,"date":"2023-04-05T03:05:05","date_gmt":"2023-04-05T06:05:05","guid":{"rendered":"https:\/\/hostnetart.com.br\/baixada\/empregados-e-caixa-debatem-sobre-condicoes-de-trabalho\/"},"modified":"2023-04-05T03:05:05","modified_gmt":"2023-04-05T06:05:05","slug":"empregados-e-caixa-debatem-sobre-condicoes-de-trabalho","status":"publish","type":"post","link":"https:\/\/hostnetart.com.br\/baixada\/empregados-e-caixa-debatem-sobre-condicoes-de-trabalho\/","title":{"rendered":"Empregados e Caixa debatem sobre condi\u00e7\u00f5es de trabalho"},"content":{"rendered":"<p>O Grupo de Trabalho sobre Condi\u00e7\u00f5es de Trabalho na Caixa Econ\u00f4mica Federal, composto por representantes dos empregados e do banco, se reuniu nesta ter\u00e7a-feira (4) para dar continuidade \u00e0s tratativas em rela\u00e7\u00e3o aos problemas que afetam o dia a dia dos trabalhadores nas unidades do banco.<\/p>\n<p>As discuss\u00f5es giraram em torno, principalmente, dos problemas que afetam as empregadas e empregados com defici\u00eancia (Pessoas com Defici\u00eancia \u2013 PCDs) e sobre as formas de estabelecimento e cobran\u00e7a de metas.<\/p>\n<h3><strong>PCDs<\/strong><\/h3>\n<p>Em continuidade aos debates realizados na <a href=\"https:\/\/contrafcut.com.br\/noticias\/debate-no-gt-com-a-caixa-foca-condicoes-de-trabalho\" target=\"_blank\" rel=\"noopener noreferrer\">reuni\u00e3o anterior<\/a> do GT de Condi\u00e7\u00f5es de Trabalho, ocorrida no dia 6 de mar\u00e7o, a Caixa apresentou um plano de adequa\u00e7\u00e3o aos requisitos de acessibilidade e disse que tem uma meta de adequar 10% das ag\u00eancias com necessidade de adapta\u00e7\u00e3o ainda em 2023.<\/p>\n<p>A representa\u00e7\u00e3o dos empregados ressaltou que \u00e9 preciso ter aten\u00e7\u00e3o para que a mudan\u00e7as que ser\u00e3o realizadas n\u00e3o prejudiquem os demais trabalhadores. \u201cNa semana passada realizamos uma reuni\u00e3o com a Caixa, <a href=\"https:\/\/contrafcut.com.br\/noticias\/gt-debate-questoes-especificas-de-funcoes-na-caixa\" target=\"_blank\" rel=\"noopener noreferrer\">espec\u00edfica dos empregados que cumprem as fun\u00e7\u00f5es de caixa<\/a>, tesouraria e avalia\u00e7\u00e3o de penhor. E, por exemplo, a nivela\u00e7\u00e3o dos pisos nos espa\u00e7os destinados aos caixas e as gavetas de numer\u00e1rio, mudan\u00e7as implementadas pelo banco no novo modelo com acessibilidade, s\u00e3o prejudiciais aos trabalhadores\u201d, observou a coordenadora da Comiss\u00e3o Executiva dos Empregados (CEE) da Caixa, Fabiana Uehara Proscholdt. \u201cPrecisamos garantir a acessibilidade sem prejudicar os demais trabalhadores. Por isso, antes de fazer mudan\u00e7as como estas, \u00e9 preciso ouvir quem vai usar os equipamentos e o mobili\u00e1rio\u201d, completou.<\/p>\n<p>Os trabalhadores tamb\u00e9m perguntaram em quantas unidades da Caixa existem PCDs lotadas e quais fun\u00e7\u00f5es s\u00e3o ocupadas por este grupamento.<\/p>\n<p>Outra demanda apresentada ao banco \u00e9 para a redu\u00e7\u00e3o da jornada de empregados e empregadas que sejam respons\u00e1veis por PCDs. Em dezembro, o <a href=\"https:\/\/lbs.adv.br\/noticia\/servidoras-e-servidores-publicos-estaduais-e-municipais-responsaveis-por-pessoas-com-deficiencia-tem-direito-a-reducao-de-jornada-decide-stf\/#_ftnref1\" target=\"_blank\" rel=\"noopener noreferrer\">Supremo Tribunal Federal decidiu<\/a> que servidoras e servidores p\u00fablicos municipais e estaduais que sejam cuidadores de pessoas com defici\u00eancia t\u00eam direito \u00e0 redu\u00e7\u00e3o de 30% a 50% da jornada de trabalho. O Tribunal Superior do Trabalho tamb\u00e9m j\u00e1 vinha tomando <a href=\"https:\/\/www.tst.jus.br\/-\/enfermeiro-obt%C3%A9m-redu%C3%A7%C3%A3o-de-jornada-para-cuidar-de-filho-com-autismo\" target=\"_blank\" rel=\"noopener noreferrer\">decis\u00f5es com este mesmo entendimento<\/a>.<\/p>\n<p>A Caixa ficou de analisar os pedidos e responder na pr\u00f3xima reuni\u00e3o.<\/p>\n<h3><strong>Metas<\/strong><\/h3>\n<p>A coordenadora da CEE ressaltou que a cobran\u00e7a de metas \u00e9 o que mais tem causado adoecimento nas empregadas e empregados da Caixa. \u201cQueremos debater sobre a forma como ser\u00e1 feita a cobran\u00e7a e, tamb\u00e9m, sobre como estas metas ser\u00e3o estabelecidas\u201d, destacou ao lembrar que a presidenta do banco, Rita Serrano, disse que o programa de Gest\u00e3o de Desempenho de Pessoas (GDP) <a href=\"https:\/\/www.fenae.org.br\/portal\/fenae-portal\/rita-serrano-se-reune-com-representantes-dos-trabalhadores.htm\" target=\"_blank\" rel=\"noopener noreferrer\">ser\u00e1 revisto<\/a>. \u201cO que substituir\u00e1 a GDP?\u201d, questionou.<\/p>\n<p>Os trabalhadores solicitaram um relat\u00f3rio com a quantidade e localidade de empregados afastados e os respetivos c\u00f3digos de Classifica\u00e7\u00e3o Internacional de Doen\u00e7as (CID). \u201cN\u00e3o queremos nomes de empregados. Queremos apenas saber o que est\u00e1 levando os trabalhadores a se afastarem para tratamentos de sa\u00fade, com a inten\u00e7\u00e3o de tentar identificar a causa e evitar adoecimentos\u201d, explicou a coordenadora da CEE.<\/p>\n<p>Fabiana acrescentou ainda que os problemas relacionados \u00e0s metas perpassam diversas diretorias da Caixa, n\u00e3o apenas \u00e0 vice-presid\u00eancia de rede e, por isso, deve ser analisado por solucionado em todas elas.<\/p>\n<h3><strong>Pesquisas de satisfa\u00e7\u00e3o<\/strong><\/h3>\n<p>Os trabalhadores tamb\u00e9m cobraram a volta das pesquisas de satisfa\u00e7\u00e3o dos empregados com o banco. \u201cElas ajudam a melhorar a identifica\u00e7\u00e3o dos problemas que afetam o dia de trabalho na rede e nas unidades administrativas do banco e, consequentemente, a solu\u00e7\u00e3o dos mesmos\u201d, disse.<\/p>\n<h3><strong>Vacina\u00e7\u00e3o<\/strong><\/h3>\n<p>Questionada, a Caixa informou que vai antecipar a campanha de vacina\u00e7\u00e3o deste ano contra a gripe (H1N1). Em 2022, a vacina\u00e7\u00e3o come\u00e7ou em maio. Neste ano come\u00e7ar\u00e1 no dia 17 de abril em diversos estados. Uma segunda leva come\u00e7a no dia 24 de abril e a \u00faltima no dia 9 de maio. O banco far\u00e1 um comunicado aos gestores das unidades com o calend\u00e1rio de vacina\u00e7\u00e3o. O banco informou ainda que a vacina\u00e7\u00e3o ser\u00e1 realizada nas pr\u00f3prias unidades e que, por determina\u00e7\u00e3o do Minist\u00e9rio P\u00fablico Federal, n\u00e3o h\u00e1 previs\u00e3o de reembolso do valor aos empregados que optarem por realizar a vacina\u00e7\u00e3o em um local de sua prefer\u00eancia.<\/p>\n<h3><strong>Eventos e palestras de forma\u00e7\u00e3o<\/strong><\/h3>\n<p>A representa\u00e7\u00e3o dos trabalhadores cobrou que as palestras e eventos sejam realizados em hor\u00e1rio que facilitem a participa\u00e7\u00e3o dos empregados, pois, dependendo do hor\u00e1rio, alguns colegas da rede n\u00e3o poder\u00e3o participar.<\/p>\n<h3><strong>Contrata\u00e7\u00f5es<\/strong><\/h3>\n<p>Os trabalhadores tamb\u00e9m lembraram que h\u00e1 um d\u00e9ficit grande de empregados, principalmente na rede, o que gera sobrecarga e adoecimento. \u201cPrecisamos que sejam realizadas novas contrata\u00e7\u00f5es o quanto antes\u201d, disse.<\/p>\n<h3><strong>Pr\u00f3xima reuni\u00e3o<\/strong><\/h3>\n<p>O agendamento de outras reuni\u00f5es dificultou o agendamento da data para a pr\u00f3xima reuni\u00e3o do GT de Condi\u00e7\u00f5es de Trabalho, mas os trabalhadores solicitaram que o novo encontro seja, se poss\u00edvel, realizado ainda neste m\u00eas.<\/p>\n<p><strong>Fonte: Contraf-CUT<\/strong><\/p>\n","protected":false},"excerpt":{"rendered":"<p>O Grupo de Trabalho sobre Condi\u00e7\u00f5es de Trabalho na Caixa Econ\u00f4mica Federal, composto por representantes dos empregados e do banco, se reuniu nesta ter\u00e7a-feira (4) para dar continuidade \u00e0s tratativas em rela\u00e7\u00e3o aos problemas que afetam o dia a dia dos trabalhadores nas unidades do banco. As discuss\u00f5es giraram em torno, principalmente, dos problemas que [&hellip;]<\/p>\n","protected":false},"author":2,"featured_media":13919,"comment_status":"","ping_status":"","sticky":false,"template":"","format":"standard","meta":{"footnotes":""},"categories":[3],"tags":[],"class_list":["post-13920","post","type-post","status-publish","format-standard","has-post-thumbnail","hentry","category-noticias"],"_links":{"self":[{"href":"https:\/\/hostnetart.com.br\/baixada\/wp-json\/wp\/v2\/posts\/13920","targetHints":{"allow":["GET"]}}],"collection":[{"href":"https:\/\/hostnetart.com.br\/baixada\/wp-json\/wp\/v2\/posts"}],"about":[{"href":"https:\/\/hostnetart.com.br\/baixada\/wp-json\/wp\/v2\/types\/post"}],"author":[{"embeddable":true,"href":"https:\/\/hostnetart.com.br\/baixada\/wp-json\/wp\/v2\/users\/2"}],"replies":[{"embeddable":true,"href":"https:\/\/hostnetart.com.br\/baixada\/wp-json\/wp\/v2\/comments?post=13920"}],"version-history":[{"count":0,"href":"https:\/\/hostnetart.com.br\/baixada\/wp-json\/wp\/v2\/posts\/13920\/revisions"}],"wp:featuredmedia":[{"embeddable":true,"href":"https:\/\/hostnetart.com.br\/baixada\/wp-json\/wp\/v2\/media\/13919"}],"wp:attachment":[{"href":"https:\/\/hostnetart.com.br\/baixada\/wp-json\/wp\/v2\/media?parent=13920"}],"wp:term":[{"taxonomy":"category","embeddable":true,"href":"https:\/\/hostnetart.com.br\/baixada\/wp-json\/wp\/v2\/categories?post=13920"},{"taxonomy":"post_tag","embeddable":true,"href":"https:\/\/hostnetart.com.br\/baixada\/wp-json\/wp\/v2\/tags?post=13920"}],"curies":[{"name":"wp","href":"https:\/\/api.w.org\/{rel}","templated":true}]}}