{"id":13912,"date":"2023-04-03T15:35:28","date_gmt":"2023-04-03T18:35:28","guid":{"rendered":"https:\/\/hostnetart.com.br\/baixada\/seminario-da-uni-mulheres-brasil-fecha-mes-de-luta-contra-violencia-de-genero\/"},"modified":"2023-04-03T15:35:28","modified_gmt":"2023-04-03T18:35:28","slug":"seminario-da-uni-mulheres-brasil-fecha-mes-de-luta-contra-violencia-de-genero","status":"publish","type":"post","link":"https:\/\/hostnetart.com.br\/baixada\/seminario-da-uni-mulheres-brasil-fecha-mes-de-luta-contra-violencia-de-genero\/","title":{"rendered":"Semin\u00e1rio da UNI Mulheres Brasil fecha m\u00eas de luta contra viol\u00eancia de g\u00eanero"},"content":{"rendered":"<p>Aconteceu nesta quinta-feira (30) o encontro organizado pela UNI Mulheres Brasil para um balan\u00e7o do m\u00eas de luta, em celebra\u00e7\u00e3o ao Dia Internacional da Mulher, que ocorreu em 8 de mar\u00e7o.<\/p>\n<p>\u201cAo longo deste m\u00eas, as entidades que comp\u00f5e a Rede UNI Mulheres Brasil promoveram diversas a\u00e7\u00f5es, incluindo manifesta\u00e7\u00f5es nos espa\u00e7os p\u00fablicos, f\u00f3runs de debate e manifesta\u00e7\u00f5es nas redes sociais, na quais chamamos aten\u00e7\u00e3o para a luta por igualdade de g\u00eanero\u201d, explicou Fernanda Lopes, que \u00e9 secret\u00e1ria da Mulher da Confedera\u00e7\u00e3o Nacional dos Trabalhadores do Ramo Financeiro (Contraf-CUT) e secret\u00e1ria de Atas da Rede UNI Mulheres Brasil. \u201cReconhecemos avan\u00e7os conquistados ao longo da hist\u00f3ria. Mas, em todo o mundo, sofremos retrocessos nos \u00faltimos anos. Isso mostra que a troca de conhecimento e o fortalecimento das nossas pautas precisam continuar\u201d, completou.<\/p>\n<p>O evento ocorreu sob a media\u00e7\u00e3o de Maria Edna Medeiros, coordenadora da Rede, com a participa\u00e7\u00e3o de Theresa Martimer (presidenta UNI Am\u00e9ricas Mulheres), Ver\u00f4nica Mendez (chefa Mundial UNI Igualdade de Oportunidade), Andr\u00e9a Garcia (secret\u00e1ria de Igualdade de Oportunidade UNI Am\u00e9ricas Mulheres), Cristiane do Nascimento e Neiva Ribeiro (vice-presidentas do Comit\u00ea de Mulheres da UNI Am\u00e9ricas).<\/p>\n<h3><strong>Perspectivas de avan\u00e7o<\/strong><\/h3>\n<p>O evento tamb\u00e9m teve a participa\u00e7\u00e3o da representante da Secret\u00e1ria Nacional de Enfrentamento \u00e0 Viol\u00eancia contra Mulheres, do Minist\u00e9rio das Mulheres, Ana Paula Cerca. Ela destacou as medidas lan\u00e7adas pelo governo Federal, no dia 8 de mar\u00e7o, para combater a desigualdade de g\u00eanero e que abrangem mercado de trabalho, assist\u00eancia social e seguran\u00e7a de v\u00edtimas de viol\u00eancia.<\/p>\n<p><strong>&gt;&gt; Leia tamb\u00e9m:<\/strong>\u00a0<a href=\"https:\/\/contrafcut.com.br\/noticias\/dia-internacional-da-mulher-pacote-do-governo-inclui-participacao-de-bancos-publicos-e-ratificacao-c190\/\">Dia Internacional da Mulher \u2013 pacote do governo inclui participa\u00e7\u00e3o de bancos p\u00fablicos e ratifica\u00e7\u00e3o da C190<\/a><\/p>\n<p>Nos \u00faltimos anos, as pol\u00edticas p\u00fablicas para mulheres, promovidas pelo Estado Brasileiro foram praticamente apagadas. Um levantamento feito pelo Instituto de Estudos Socioecon\u00f4micos (Inesc) e apresentado no final do ano passado mostra que a gest\u00e3o Bolsonaro cortou 94% da verba destinada para a prote\u00e7\u00e3o das mulheres, nos or\u00e7amentos elaborados e enviado ao Congresso, referentes aos anos 2020 a 2023.<\/p>\n<p>O plano de a\u00e7\u00f5es apresentado agora, no terceiro mandato do governo Lula e sob a coordena\u00e7\u00e3o da ministra das Mulheres, Cida Gon\u00e7alves, abarca os v\u00e1rios tipos de viol\u00eancia que atingem as mulheres, incluindo o econ\u00f4mico. \u201cAl\u00e9m das quest\u00f5es para seguran\u00e7a da mulher, o governo tamb\u00e9m apresentou propostas para cr\u00e9dito, por meio de bancos p\u00fablicos, a juros reduzidos \u00e0s mulheres empreendedoras e tamb\u00e9m um projeto de lei que obriga igualdade salarial entre homens e mulheres que exercem a mesma fun\u00e7\u00e3o\u201d, lembrou Fernanda Lopes. \u00a0<\/p>\n<p><strong>&gt;&gt; Leia tamb\u00e9m:\u00a0<\/strong><a href=\"https:\/\/contrafcut.com.br\/noticias\/mulheres-sao-maioria-entre-desempregados-e-quando-empregadas-ganham-em-media-21-menos-que-homens\/\">Mulheres s\u00e3o maioria entre desempregados e, quando empregadas, ganham em m\u00e9dia 21% menos que homens<\/a><\/p>\n<h3><strong>Prepara\u00e7\u00e3o para Confer\u00eancia Mundial Feminina na Filad\u00e9lfia<\/strong><\/h3>\n<p>O final do m\u00eas de mar\u00e7o tamb\u00e9m foi marcado pelo encontro do Comit\u00ea Mundial de Mulheres da UNI Global Union, realizado em Madri, na Espanha, nos dias 27 e 28, com quase 40 participantes de 19 pa\u00edses representando todos os setores da UNI, incluindo Fernanda Lopes.<\/p>\n<p>\u201cNesse encontro focamos nas prioridades estrat\u00e9gicas para os pr\u00f3ximos quatro anos do Congresso da UNI e na prepara\u00e7\u00e3o da Confer\u00eancia Mundial Feminina na Filad\u00e9lfia, que vai ocorrer em 25 e 26 de agosto de 2023\u201d, pontuou Fernanda.<\/p>\n<p>Os temas abordados na reuni\u00e3o foram: uma perspectiva de g\u00eanero para sa\u00fade e seguran\u00e7a; aumentar a participa\u00e7\u00e3o das mulheres nos sindicatos; a\u00e7\u00e3o para acabar com a viol\u00eancia e o ass\u00e9dio contra as mulheres; lutar por trabalho decente, incluindo sal\u00e1rio igual para trabalho igual e acesso \u00e0 aprendizagem ao longo da vida; bem como a capacita\u00e7\u00e3o de mulheres jovens no movimento sindical.<\/p>\n<h3><strong>Luta de todas<\/strong><\/h3>\n<p>Fernanda destacou que, nos dois semin\u00e1rios realizados para fechar o m\u00eas de luta das mulheres, o entendimento foi que, apesar das diferen\u00e7as culturais e econ\u00f4micas, entre regi\u00f5es e pa\u00edses, as caracter\u00edsticas da viol\u00eancia de g\u00eanero s\u00e3o as mesmas. \u201cInfelizmente os problemas das mulheres s\u00e3o muito parecidos ao redor do mundo, por isso precisamos de uni\u00e3o nas mesmas pautas e, exatamente por isso, \u00e9 importante a participa\u00e7\u00e3o do movimento sindical banc\u00e1rio nesses eventos, para avan\u00e7armos na constru\u00e7\u00e3o de sa\u00eddas\u201d, pontuou.<\/p>\n<p><strong>Fonte: Contraf-CUT<\/strong><\/p>\n","protected":false},"excerpt":{"rendered":"<p>Aconteceu nesta quinta-feira (30) o encontro organizado pela UNI Mulheres Brasil para um balan\u00e7o do m\u00eas de luta, em celebra\u00e7\u00e3o ao Dia Internacional da Mulher, que ocorreu em 8 de mar\u00e7o. \u201cAo longo deste m\u00eas, as entidades que comp\u00f5e a Rede UNI Mulheres Brasil promoveram diversas a\u00e7\u00f5es, incluindo manifesta\u00e7\u00f5es nos espa\u00e7os p\u00fablicos, f\u00f3runs de debate [&hellip;]<\/p>\n","protected":false},"author":2,"featured_media":13911,"comment_status":"","ping_status":"","sticky":false,"template":"","format":"standard","meta":{"footnotes":""},"categories":[3],"tags":[],"class_list":["post-13912","post","type-post","status-publish","format-standard","has-post-thumbnail","hentry","category-noticias"],"_links":{"self":[{"href":"https:\/\/hostnetart.com.br\/baixada\/wp-json\/wp\/v2\/posts\/13912","targetHints":{"allow":["GET"]}}],"collection":[{"href":"https:\/\/hostnetart.com.br\/baixada\/wp-json\/wp\/v2\/posts"}],"about":[{"href":"https:\/\/hostnetart.com.br\/baixada\/wp-json\/wp\/v2\/types\/post"}],"author":[{"embeddable":true,"href":"https:\/\/hostnetart.com.br\/baixada\/wp-json\/wp\/v2\/users\/2"}],"replies":[{"embeddable":true,"href":"https:\/\/hostnetart.com.br\/baixada\/wp-json\/wp\/v2\/comments?post=13912"}],"version-history":[{"count":0,"href":"https:\/\/hostnetart.com.br\/baixada\/wp-json\/wp\/v2\/posts\/13912\/revisions"}],"wp:featuredmedia":[{"embeddable":true,"href":"https:\/\/hostnetart.com.br\/baixada\/wp-json\/wp\/v2\/media\/13911"}],"wp:attachment":[{"href":"https:\/\/hostnetart.com.br\/baixada\/wp-json\/wp\/v2\/media?parent=13912"}],"wp:term":[{"taxonomy":"category","embeddable":true,"href":"https:\/\/hostnetart.com.br\/baixada\/wp-json\/wp\/v2\/categories?post=13912"},{"taxonomy":"post_tag","embeddable":true,"href":"https:\/\/hostnetart.com.br\/baixada\/wp-json\/wp\/v2\/tags?post=13912"}],"curies":[{"name":"wp","href":"https:\/\/api.w.org\/{rel}","templated":true}]}}