{"id":13910,"date":"2023-04-03T15:31:02","date_gmt":"2023-04-03T18:31:02","guid":{"rendered":"https:\/\/hostnetart.com.br\/baixada\/coe-bradesco-lamenta-postura-negativa-do-banco\/"},"modified":"2023-04-03T15:31:02","modified_gmt":"2023-04-03T18:31:02","slug":"coe-bradesco-lamenta-postura-negativa-do-banco","status":"publish","type":"post","link":"https:\/\/hostnetart.com.br\/baixada\/coe-bradesco-lamenta-postura-negativa-do-banco\/","title":{"rendered":"COE Bradesco lamenta postura negativa do banco"},"content":{"rendered":"<p>Em reuni\u00e3o na manh\u00e3 desta sexta-feira (31), com a dire\u00e7\u00e3o do Bradesco, a Comiss\u00e3o de Organiza\u00e7\u00e3o dos Empregados (COE) cobrou o fim do fechamento de ag\u00eancias e das demiss\u00f5es decorrentes. O banco informou que o processo \u00e9 resultado de estudos e que os funcion\u00e1rios est\u00e3o sendo realocados e reaproveitados.<\/p>\n<p>\u201cN\u00f3s refor\u00e7amos a inseguran\u00e7a entre os funcion\u00e1rios quanto ao futuro do banco e a preocupa\u00e7\u00e3o deles com o emprego\u201d, revelou Magaly Fagundes, coordenadora da COE. \u201cSolicitamos que o banco nos informasse qual a previs\u00e3o para o fim do fechamento das ag\u00eancias, mas negaram ao dizer que n\u00e3o podem informar. Isso mostra que os fechamentos devem continuar, infelizmente\u201d, completou.<\/p>\n<p>O Bradesco tamb\u00e9m negou outras duas reivindica\u00e7\u00f5es dos trabalhadores, que \u00e9 o aux\u00edlio academia, com a justificativa de j\u00e1 oferecer o Lig viva bem e conv\u00eanios com academias pelo seguro sa\u00fade, com descontos que variam de 20% a 50%, e o reajuste do reembolso por quilometro rodado.<\/p>\n<h3>Metas \u2013 Cl\u00e1usula 87 da Conven\u00e7\u00e3o Coletiva de Trabalho (CCT)<\/h3>\n<p>Nesta reuni\u00e3o, que foi a primeira de 2023, o banco informou que o conceito de metas se baseia no or\u00e7amento anual, com revis\u00e3o mensal, distribu\u00edda por regi\u00e3o, de acordo com a produtividade de cada regi\u00e3o. A institui\u00e7\u00e3o afirmou que a meta \u00e9 100% mensal. \u201cRessaltamos que somos contra a meta individual, defendemos que seja semestral e n\u00e3o mensal\u201d, avaliou Magaly.<\/p>\n<p>A negocia\u00e7\u00e3o sobre metas n\u00e3o terminou e uma nova reuni\u00e3o ser\u00e1 marcada. \u201cPrecisamos construir um programa que n\u00e3o adoe\u00e7a o trabalhador\u201d, finalizou Magaly.<\/p>\n<p><strong>Fonte: Contraf-CUT<\/strong><\/p>\n","protected":false},"excerpt":{"rendered":"<p>Em reuni\u00e3o na manh\u00e3 desta sexta-feira (31), com a dire\u00e7\u00e3o do Bradesco, a Comiss\u00e3o de Organiza\u00e7\u00e3o dos Empregados (COE) cobrou o fim do fechamento de ag\u00eancias e das demiss\u00f5es decorrentes. O banco informou que o processo \u00e9 resultado de estudos e que os funcion\u00e1rios est\u00e3o sendo realocados e reaproveitados. \u201cN\u00f3s refor\u00e7amos a inseguran\u00e7a entre os [&hellip;]<\/p>\n","protected":false},"author":2,"featured_media":13909,"comment_status":"","ping_status":"","sticky":false,"template":"","format":"standard","meta":{"footnotes":""},"categories":[3],"tags":[],"class_list":["post-13910","post","type-post","status-publish","format-standard","has-post-thumbnail","hentry","category-noticias"],"_links":{"self":[{"href":"https:\/\/hostnetart.com.br\/baixada\/wp-json\/wp\/v2\/posts\/13910","targetHints":{"allow":["GET"]}}],"collection":[{"href":"https:\/\/hostnetart.com.br\/baixada\/wp-json\/wp\/v2\/posts"}],"about":[{"href":"https:\/\/hostnetart.com.br\/baixada\/wp-json\/wp\/v2\/types\/post"}],"author":[{"embeddable":true,"href":"https:\/\/hostnetart.com.br\/baixada\/wp-json\/wp\/v2\/users\/2"}],"replies":[{"embeddable":true,"href":"https:\/\/hostnetart.com.br\/baixada\/wp-json\/wp\/v2\/comments?post=13910"}],"version-history":[{"count":0,"href":"https:\/\/hostnetart.com.br\/baixada\/wp-json\/wp\/v2\/posts\/13910\/revisions"}],"wp:featuredmedia":[{"embeddable":true,"href":"https:\/\/hostnetart.com.br\/baixada\/wp-json\/wp\/v2\/media\/13909"}],"wp:attachment":[{"href":"https:\/\/hostnetart.com.br\/baixada\/wp-json\/wp\/v2\/media?parent=13910"}],"wp:term":[{"taxonomy":"category","embeddable":true,"href":"https:\/\/hostnetart.com.br\/baixada\/wp-json\/wp\/v2\/categories?post=13910"},{"taxonomy":"post_tag","embeddable":true,"href":"https:\/\/hostnetart.com.br\/baixada\/wp-json\/wp\/v2\/tags?post=13910"}],"curies":[{"name":"wp","href":"https:\/\/api.w.org\/{rel}","templated":true}]}}