{"id":13902,"date":"2023-03-30T17:19:54","date_gmt":"2023-03-30T20:19:54","guid":{"rendered":"https:\/\/hostnetart.com.br\/baixada\/coe-cobra-o-fim-do-fechamento-das-agencias-do-bradesco\/"},"modified":"2023-03-30T17:19:54","modified_gmt":"2023-03-30T20:19:54","slug":"coe-cobra-o-fim-do-fechamento-das-agencias-do-bradesco","status":"publish","type":"post","link":"https:\/\/hostnetart.com.br\/baixada\/coe-cobra-o-fim-do-fechamento-das-agencias-do-bradesco\/","title":{"rendered":"COE cobra o fim do fechamento das ag\u00eancias do Bradesco"},"content":{"rendered":"<p>A Comiss\u00e3o de Organiza\u00e7\u00e3o dos Empregados (COE) do Bradesco se re\u00fane com o banco, na manh\u00e3 desta sexta-feira (31), em S\u00e3o Paulo, para cobrar o fim do fechamento das ag\u00eancias e das demiss\u00f5es por conta deste processo. A COE denuncia que o quadro de funcion\u00e1rios nas ag\u00eancias j\u00e1 \u00e9 extremamente enxuto e que a pol\u00edtica est\u00e1 comprometendo o atendimento aos clientes.<\/p>\n<p>\u201cNossa maior preocupa\u00e7\u00e3o \u00e9 sempre com a manuten\u00e7\u00e3o do emprego, pois ainda que o banco garanta que os funcion\u00e1rios de ag\u00eancias encerradas est\u00e3o sendo reaproveitados, vemos que muitas ag\u00eancias est\u00e3o sendo transformadas em unidades de neg\u00f3cios e, logo em seguida, fechadas\u201d, disse a coordenadora da COE e secret\u00e1ria de Organiza\u00e7\u00e3o do Ramo Financeiro e Pol\u00edtica Sindical da Confedera\u00e7\u00e3o Nacional dos Trabalhadores do Ramo Financeiro (Contraf-CUT), Magaly Fagundes. \u201cNa ponta desse processo, o que temos \u00e9 demiss\u00e3o. E isso n\u00e3o pode ser admitido! Precisamos de um programa para requalifica\u00e7\u00e3o e realoca\u00e7\u00e3o desses funcion\u00e1rios, como forma de garantia de seus empregos\u201d, completou.<\/p>\n<p>O encontro tamb\u00e9m ser\u00e1 marcado pelo cumprimento da cl\u00e1usula 87 da Conven\u00e7\u00e3o Coletiva de Trabalho (CCT), negociada na Campanha Nacional de 2022, que prev\u00ea o debate sobre as formas de acompanhamento na primeira reuni\u00e3o de 2023, entre as comiss\u00f5es de trabalhadores e os bancos.<\/p>\n<p><strong>Fonte: Contraf-CUT<\/strong><\/p>\n<p>\u00a0<\/p>\n<p>\u00a0<\/p>\n","protected":false},"excerpt":{"rendered":"<p>A Comiss\u00e3o de Organiza\u00e7\u00e3o dos Empregados (COE) do Bradesco se re\u00fane com o banco, na manh\u00e3 desta sexta-feira (31), em S\u00e3o Paulo, para cobrar o fim do fechamento das ag\u00eancias e das demiss\u00f5es por conta deste processo. A COE denuncia que o quadro de funcion\u00e1rios nas ag\u00eancias j\u00e1 \u00e9 extremamente enxuto e que a pol\u00edtica [&hellip;]<\/p>\n","protected":false},"author":2,"featured_media":13901,"comment_status":"","ping_status":"","sticky":false,"template":"","format":"standard","meta":{"footnotes":""},"categories":[3],"tags":[],"class_list":["post-13902","post","type-post","status-publish","format-standard","has-post-thumbnail","hentry","category-noticias"],"_links":{"self":[{"href":"https:\/\/hostnetart.com.br\/baixada\/wp-json\/wp\/v2\/posts\/13902","targetHints":{"allow":["GET"]}}],"collection":[{"href":"https:\/\/hostnetart.com.br\/baixada\/wp-json\/wp\/v2\/posts"}],"about":[{"href":"https:\/\/hostnetart.com.br\/baixada\/wp-json\/wp\/v2\/types\/post"}],"author":[{"embeddable":true,"href":"https:\/\/hostnetart.com.br\/baixada\/wp-json\/wp\/v2\/users\/2"}],"replies":[{"embeddable":true,"href":"https:\/\/hostnetart.com.br\/baixada\/wp-json\/wp\/v2\/comments?post=13902"}],"version-history":[{"count":0,"href":"https:\/\/hostnetart.com.br\/baixada\/wp-json\/wp\/v2\/posts\/13902\/revisions"}],"wp:featuredmedia":[{"embeddable":true,"href":"https:\/\/hostnetart.com.br\/baixada\/wp-json\/wp\/v2\/media\/13901"}],"wp:attachment":[{"href":"https:\/\/hostnetart.com.br\/baixada\/wp-json\/wp\/v2\/media?parent=13902"}],"wp:term":[{"taxonomy":"category","embeddable":true,"href":"https:\/\/hostnetart.com.br\/baixada\/wp-json\/wp\/v2\/categories?post=13902"},{"taxonomy":"post_tag","embeddable":true,"href":"https:\/\/hostnetart.com.br\/baixada\/wp-json\/wp\/v2\/tags?post=13902"}],"curies":[{"name":"wp","href":"https:\/\/api.w.org\/{rel}","templated":true}]}}