{"id":13900,"date":"2023-03-30T17:18:05","date_gmt":"2023-03-30T20:18:05","guid":{"rendered":"https:\/\/hostnetart.com.br\/baixada\/caixa-de-previdencia-do-bb-inicia-encontros-para-apresentar-resultados\/"},"modified":"2023-03-30T17:18:05","modified_gmt":"2023-03-30T20:18:05","slug":"caixa-de-previdencia-do-bb-inicia-encontros-para-apresentar-resultados","status":"publish","type":"post","link":"https:\/\/hostnetart.com.br\/baixada\/caixa-de-previdencia-do-bb-inicia-encontros-para-apresentar-resultados\/","title":{"rendered":"Caixa de Previd\u00eancia do BB inicia encontros para apresentar resultados"},"content":{"rendered":"<p>A Caixa de Previd\u00eancia dos Funcion\u00e1rios do Banco do Brasil (Previ) iniciou nesta quinta-feira (30), pela capital do Rio de Janeiro, os encontros presenciais sobre os resultados dos planos de benef\u00edcios da entidade, no ano de 2022.<\/p>\n<p>\u201cEstamos retomando as apresenta\u00e7\u00f5es presenciais a pedido dos associados. A presen\u00e7a dos diretores nos Estados faz parte do nosso compromisso de estar cada vez mais pr\u00f3ximos dos participantes, ampliar o di\u00e1logo com os verdadeiros donos da Previ e fortalecer a transpar\u00eancia da gest\u00e3o\u201d,\u00a0<a href=\"https:\/\/associadosprevi.com.br\/previ-comeca-pelo-rio-nesta-quinta-30-apresentacoes-presenciais-dos-resultados-de-2022\/\" target=\"_blank\" rel=\"noopener noreferrer\">afirma Wagner Nascimento, diretor eleito de Seguridade da Previ<\/a>.<\/p>\n<p>O novo presidente da Previ, Jo\u00e3o Fukunaga, tamb\u00e9m estar\u00e1 presente nos encontros.\u00a0<a href=\"https:\/\/www.youtube.com\/watch?v=eMUhuDpSyYY\" target=\"_blank\" rel=\"noopener noreferrer\">Em entrevista ao canal TVT<\/a>, no dia em que tomou posse, ele destacou que um dos objetivos de sua gest\u00e3o ser\u00e1 a \u201ccontinuidade do processo de proximidade com os associados\u201d, que inclui educa\u00e7\u00e3o financeira, principalmente com o pessoal da ativa. \u201cHoje a gente tem o Previ Futuro que \u00e9 um plano de acumula\u00e7\u00e3o, que est\u00e1 sendo constitu\u00eddo, e as pessoas precisam entender muito sobre previd\u00eancia e inclusive para optar entre os diversos perfis. Ent\u00e3o, a nossa marca vai ser a proximidade com o associado, mas jamais esquecendo aqueles que j\u00e1 est\u00e3o aposentados, porque eles s\u00e3o o motivo da nossa exist\u00eancia\u201d, completou.<\/p>\n<p>Para a representante da Confedera\u00e7\u00e3o Nacional dos Trabalhadores do Ramo Financeiro (Contraf-CUT) na Comiss\u00e3o de Empresa dos Funcion\u00e1rios do BB (CEBB), Fernanda Lopes, \u00e9 importante que os associados e associadas participem dos encontros e acompanhem de perto a gest\u00e3o da Previ. \u201cEste olhar dos donos, que s\u00e3o os funcion\u00e1rios do BB associados \u00e0 Previ, \u00e9 o que garantir\u00e1 a aposentadoria segura para todos n\u00f3s. Por isso, esses encontros s\u00e3o importantes para criar e fortalecer esta proximidade\u201d, completou.<\/p>\n<p>Fernanda lembrou ainda que o quadro de associados \u00e0 Previ deve aumentar com os funcion\u00e1rios que ingressaram h\u00e1 poucos meses, por conta do concurso realizado ano passado, e para os que vir\u00e3o a partir do concurso que ocorrer\u00e1 em abril. \u201cOs novos funcion\u00e1rios e associados \u00e0 Previ precisam conhecer e entender a import\u00e2ncia e a responsabilidade que todos n\u00f3s temos sobre a gest\u00e3o desta entidade de previd\u00eancia que \u00e9 nossa\u201d, concluiu.<\/p>\n<h3>Locais<\/h3>\n<p>No Rio, o local do encontro desta quinta est\u00e1 acontecendo no Sal\u00e3o Margarida da AABB Rio, localizada na Avenida Borges de Medeiros, 829. Os outros locais j\u00e1 confirmados s\u00e3o Bras\u00edlia, no dia 11 de abril, S\u00e3o Paulo, no dia 13, e Belo Horizonte no dia 19 do mesmo m\u00eas.<\/p>\n<p>A Previ diz que em breve divulgar\u00e1 uma nova agenda para outras cidades.<\/p>\n<h3>Previ Itinerante<\/h3>\n<p>Com a retomada das apresenta\u00e7\u00f5es, tamb\u00e9m est\u00e1 de volta o Previ Itinerante, uma estrutura que acompanha as apresenta\u00e7\u00f5es de resultado para prestar atendimento presencial, entre 8h30 at\u00e9 13h, aos associados.<\/p>\n<p><strong>Fonte: Contraf-CUT<\/strong><\/p>\n","protected":false},"excerpt":{"rendered":"<p>A Caixa de Previd\u00eancia dos Funcion\u00e1rios do Banco do Brasil (Previ) iniciou nesta quinta-feira (30), pela capital do Rio de Janeiro, os encontros presenciais sobre os resultados dos planos de benef\u00edcios da entidade, no ano de 2022. \u201cEstamos retomando as apresenta\u00e7\u00f5es presenciais a pedido dos associados. A presen\u00e7a dos diretores nos Estados faz parte do [&hellip;]<\/p>\n","protected":false},"author":2,"featured_media":13899,"comment_status":"","ping_status":"","sticky":false,"template":"","format":"standard","meta":{"footnotes":""},"categories":[3],"tags":[],"class_list":["post-13900","post","type-post","status-publish","format-standard","has-post-thumbnail","hentry","category-noticias"],"_links":{"self":[{"href":"https:\/\/hostnetart.com.br\/baixada\/wp-json\/wp\/v2\/posts\/13900","targetHints":{"allow":["GET"]}}],"collection":[{"href":"https:\/\/hostnetart.com.br\/baixada\/wp-json\/wp\/v2\/posts"}],"about":[{"href":"https:\/\/hostnetart.com.br\/baixada\/wp-json\/wp\/v2\/types\/post"}],"author":[{"embeddable":true,"href":"https:\/\/hostnetart.com.br\/baixada\/wp-json\/wp\/v2\/users\/2"}],"replies":[{"embeddable":true,"href":"https:\/\/hostnetart.com.br\/baixada\/wp-json\/wp\/v2\/comments?post=13900"}],"version-history":[{"count":0,"href":"https:\/\/hostnetart.com.br\/baixada\/wp-json\/wp\/v2\/posts\/13900\/revisions"}],"wp:featuredmedia":[{"embeddable":true,"href":"https:\/\/hostnetart.com.br\/baixada\/wp-json\/wp\/v2\/media\/13899"}],"wp:attachment":[{"href":"https:\/\/hostnetart.com.br\/baixada\/wp-json\/wp\/v2\/media?parent=13900"}],"wp:term":[{"taxonomy":"category","embeddable":true,"href":"https:\/\/hostnetart.com.br\/baixada\/wp-json\/wp\/v2\/categories?post=13900"},{"taxonomy":"post_tag","embeddable":true,"href":"https:\/\/hostnetart.com.br\/baixada\/wp-json\/wp\/v2\/tags?post=13900"}],"curies":[{"name":"wp","href":"https:\/\/api.w.org\/{rel}","templated":true}]}}