{"id":13898,"date":"2023-03-30T17:14:36","date_gmt":"2023-03-30T20:14:36","guid":{"rendered":"https:\/\/hostnetart.com.br\/baixada\/as-questoes-que-envolvem-os-empregados-da-caixa-economica-federal-que-atuam-especificamente-nas-funcoes-de-caixa-tesoureiro-e-avaliadores-de-penhor-serao-debatidas-nesta-quinta-feira-30-pelo-grupo-de\/"},"modified":"2023-03-30T17:14:36","modified_gmt":"2023-03-30T20:14:36","slug":"as-questoes-que-envolvem-os-empregados-da-caixa-economica-federal-que-atuam-especificamente-nas-funcoes-de-caixa-tesoureiro-e-avaliadores-de-penhor-serao-debatidas-nesta-quinta-feira-30-pelo-grupo-de","status":"publish","type":"post","link":"https:\/\/hostnetart.com.br\/baixada\/as-questoes-que-envolvem-os-empregados-da-caixa-economica-federal-que-atuam-especificamente-nas-funcoes-de-caixa-tesoureiro-e-avaliadores-de-penhor-serao-debatidas-nesta-quinta-feira-30-pelo-grupo-de\/","title":{"rendered":"Caixa: Empregados se re\u00fanem com o banco nesta quinta-feira (30)"},"content":{"rendered":"<p>As quest\u00f5es que envolvem os empregados da Caixa Econ\u00f4mica Federal que atuam especificamente nas fun\u00e7\u00f5es de caixa, tesoureiro e avaliadores de penhor ser\u00e3o debatidas nesta quinta-feira (30) pelo Grupo de Trabalho formado por representantes dos trabalhadores e do banco.<\/p>\n<p>\u201cNos \u00faltimos anos ocorreram diversas situa\u00e7\u00f5es que afetaram especificamente os empregados que exercem estas fun\u00e7\u00f5es. Com a mudan\u00e7a de gest\u00e3o, vamos colocar estes pontos em pauta para buscar solu\u00e7\u00f5es\u201d, explicou a coordenadora da Comiss\u00e3o Executiva dos Empregados (CEE) da Caixa, Fabiana Uehara Proscholdt. \u201cA pr\u00f3pria exist\u00eancia das fun\u00e7\u00f5es est\u00e1 amea\u00e7ada\u201d, completou.<\/p>\n<p>A volta imediata das fun\u00e7\u00f5es de caixa e tesoureiro; acabar com a demanda de venda de produtos pelos caixas e tesoureiros; extin\u00e7\u00e3o do \u201ccaixa minuto\u201d e \u201ctesoureiro minuto\u201d, com designa\u00e7\u00e3o efetiva, ou por prazo, por per\u00edodo m\u00ednimo de seis meses para exercer a fun\u00e7\u00e3o; a regulamenta\u00e7\u00e3o da jornada de seis horas para os tesoureiros; atualiza\u00e7\u00e3o e melhorias tecnol\u00f3gicas dos sistemas; e atualiza\u00e7\u00e3o e melhorias do maquin\u00e1rio\/ferramentas de trabalho s\u00e3o algumas das demandas espec\u00edficas que os empregados querem tratar com o banco.<\/p>\n<p>Entre as reivindica\u00e7\u00f5es espec\u00edficas dos avaliadores de penhor, a representa\u00e7\u00e3o dos trabalhadores cobrar\u00e1 posicionamento firme da Caixa contra os Projetos de Lei Complementar (PLP) 230\/2019 e 4188\/2021, que visam a quebra do monop\u00f3lio da atividade, que \u00e9 exercida com exclusividade pela Caixa desde 1934.<\/p>\n<p><strong>Fonte: Contraf-CUT<\/strong><\/p>\n","protected":false},"excerpt":{"rendered":"<p>As quest\u00f5es que envolvem os empregados da Caixa Econ\u00f4mica Federal que atuam especificamente nas fun\u00e7\u00f5es de caixa, tesoureiro e avaliadores de penhor ser\u00e3o debatidas nesta quinta-feira (30) pelo Grupo de Trabalho formado por representantes dos trabalhadores e do banco. \u201cNos \u00faltimos anos ocorreram diversas situa\u00e7\u00f5es que afetaram especificamente os empregados que exercem estas fun\u00e7\u00f5es. Com [&hellip;]<\/p>\n","protected":false},"author":2,"featured_media":13897,"comment_status":"","ping_status":"","sticky":false,"template":"","format":"standard","meta":{"footnotes":""},"categories":[3],"tags":[],"class_list":["post-13898","post","type-post","status-publish","format-standard","has-post-thumbnail","hentry","category-noticias"],"_links":{"self":[{"href":"https:\/\/hostnetart.com.br\/baixada\/wp-json\/wp\/v2\/posts\/13898","targetHints":{"allow":["GET"]}}],"collection":[{"href":"https:\/\/hostnetart.com.br\/baixada\/wp-json\/wp\/v2\/posts"}],"about":[{"href":"https:\/\/hostnetart.com.br\/baixada\/wp-json\/wp\/v2\/types\/post"}],"author":[{"embeddable":true,"href":"https:\/\/hostnetart.com.br\/baixada\/wp-json\/wp\/v2\/users\/2"}],"replies":[{"embeddable":true,"href":"https:\/\/hostnetart.com.br\/baixada\/wp-json\/wp\/v2\/comments?post=13898"}],"version-history":[{"count":0,"href":"https:\/\/hostnetart.com.br\/baixada\/wp-json\/wp\/v2\/posts\/13898\/revisions"}],"wp:featuredmedia":[{"embeddable":true,"href":"https:\/\/hostnetart.com.br\/baixada\/wp-json\/wp\/v2\/media\/13897"}],"wp:attachment":[{"href":"https:\/\/hostnetart.com.br\/baixada\/wp-json\/wp\/v2\/media?parent=13898"}],"wp:term":[{"taxonomy":"category","embeddable":true,"href":"https:\/\/hostnetart.com.br\/baixada\/wp-json\/wp\/v2\/categories?post=13898"},{"taxonomy":"post_tag","embeddable":true,"href":"https:\/\/hostnetart.com.br\/baixada\/wp-json\/wp\/v2\/tags?post=13898"}],"curies":[{"name":"wp","href":"https:\/\/api.w.org\/{rel}","templated":true}]}}