{"id":13896,"date":"2023-03-30T17:09:27","date_gmt":"2023-03-30T20:09:27","guid":{"rendered":"https:\/\/hostnetart.com.br\/baixada\/contraf-cut-realiza-3-seminario-juridico-nacional\/"},"modified":"2023-03-30T17:09:27","modified_gmt":"2023-03-30T20:09:27","slug":"contraf-cut-realiza-3-seminario-juridico-nacional","status":"publish","type":"post","link":"https:\/\/hostnetart.com.br\/baixada\/contraf-cut-realiza-3-seminario-juridico-nacional\/","title":{"rendered":"Contraf-CUT realiza 3\u00ba Semin\u00e1rio Jur\u00eddico Nacional"},"content":{"rendered":"<p>A Confedera\u00e7\u00e3o Nacional dos Trabalhadores do Ramo Financeiro (Contraf-CUT) realiza, nesta quinta (30) e sexta-feira (31), o 3\u00ba Semin\u00e1rio Jur\u00eddico Nacional da entidade. O evento, que ser\u00e1 em S\u00e3o Paulo, vai debater temas atuais, de interesse do trabalhador do ramo financeiro.<\/p>\n<p>No primeiro dia, o tema central ser\u00e1 contrarreforma trabalhista, dividido em duas etapas. Um debate focar\u00e1 a experi\u00eancia espanhola, pa\u00eds onde v\u00e1rias altera\u00e7\u00f5es feitas no sistema legal trabalhista j\u00e1 foram revertidas, e outro sobre as propostas das centrais sindicais para o caso brasileiro.<\/p>\n<p>Na sexta, a pauta inclui a presen\u00e7a da intelig\u00eancia artificial na pr\u00e1tica jur\u00eddica e os limites tecnol\u00f3gicos e \u00e9ticos de sua aplica\u00e7\u00e3o, a organiza\u00e7\u00e3o sindical do ramo financeiro, o futuro das negocia\u00e7\u00f5es coletivas e as perspectivas do atual governo Lula.<\/p>\n<p>Para o secret\u00e1rio de Assuntos Jur\u00eddicos da Contraf-CUT, Lourival Rodrigues da Silva, \u201co Semin\u00e1rio \u00e9 de fundamental import\u00e2ncia para o movimento sindical, pois promove o debate dos temas atuais mais relevantes, tanto para o trabalhador e trabalhadora do ramo, como tamb\u00e9m para toda a sociedade brasileira\u201d.<\/p>\n<p><strong>Fonte: Contraf-CUT<\/strong><\/p>\n","protected":false},"excerpt":{"rendered":"<p>A Confedera\u00e7\u00e3o Nacional dos Trabalhadores do Ramo Financeiro (Contraf-CUT) realiza, nesta quinta (30) e sexta-feira (31), o 3\u00ba Semin\u00e1rio Jur\u00eddico Nacional da entidade. O evento, que ser\u00e1 em S\u00e3o Paulo, vai debater temas atuais, de interesse do trabalhador do ramo financeiro. No primeiro dia, o tema central ser\u00e1 contrarreforma trabalhista, dividido em duas etapas. Um [&hellip;]<\/p>\n","protected":false},"author":2,"featured_media":13895,"comment_status":"","ping_status":"","sticky":false,"template":"","format":"standard","meta":{"footnotes":""},"categories":[3],"tags":[],"class_list":["post-13896","post","type-post","status-publish","format-standard","has-post-thumbnail","hentry","category-noticias"],"_links":{"self":[{"href":"https:\/\/hostnetart.com.br\/baixada\/wp-json\/wp\/v2\/posts\/13896","targetHints":{"allow":["GET"]}}],"collection":[{"href":"https:\/\/hostnetart.com.br\/baixada\/wp-json\/wp\/v2\/posts"}],"about":[{"href":"https:\/\/hostnetart.com.br\/baixada\/wp-json\/wp\/v2\/types\/post"}],"author":[{"embeddable":true,"href":"https:\/\/hostnetart.com.br\/baixada\/wp-json\/wp\/v2\/users\/2"}],"replies":[{"embeddable":true,"href":"https:\/\/hostnetart.com.br\/baixada\/wp-json\/wp\/v2\/comments?post=13896"}],"version-history":[{"count":0,"href":"https:\/\/hostnetart.com.br\/baixada\/wp-json\/wp\/v2\/posts\/13896\/revisions"}],"wp:featuredmedia":[{"embeddable":true,"href":"https:\/\/hostnetart.com.br\/baixada\/wp-json\/wp\/v2\/media\/13895"}],"wp:attachment":[{"href":"https:\/\/hostnetart.com.br\/baixada\/wp-json\/wp\/v2\/media?parent=13896"}],"wp:term":[{"taxonomy":"category","embeddable":true,"href":"https:\/\/hostnetart.com.br\/baixada\/wp-json\/wp\/v2\/categories?post=13896"},{"taxonomy":"post_tag","embeddable":true,"href":"https:\/\/hostnetart.com.br\/baixada\/wp-json\/wp\/v2\/tags?post=13896"}],"curies":[{"name":"wp","href":"https:\/\/api.w.org\/{rel}","templated":true}]}}