{"id":1389,"date":"2014-06-18T00:00:00","date_gmt":"2014-06-18T03:00:00","guid":{"rendered":"https:\/\/hostnetart.com.br\/baixada\/bancarios-do-mercantil-cobram-avancos-no-ppr-e-explicacoes-da-seguradora\/"},"modified":"2014-06-18T00:00:00","modified_gmt":"2014-06-18T03:00:00","slug":"bancarios-do-mercantil-cobram-avancos-no-ppr-e-explicacoes-da-seguradora","status":"publish","type":"post","link":"https:\/\/hostnetart.com.br\/baixada\/bancarios-do-mercantil-cobram-avancos-no-ppr-e-explicacoes-da-seguradora\/","title":{"rendered":"Banc\u00e1rios do Mercantil cobram avan\u00e7os no PPR e explica\u00e7\u00f5es da seguradora"},"content":{"rendered":"<p>Os banc\u00e1rios se reuniram na \u00faltima sexta-feira (13) com o Mercantil do Brasil, em Belo Horizonte, para a realiza\u00e7\u00e3o de mais uma rodada de negocia\u00e7\u00f5es espec\u00edficas. Entre os temas que foram tratados estavam melhorias no PPR e a mudan\u00e7a da seguradora do banco.<\/p>\n<p>A mesa contou com a presen\u00e7a dos diretores do Sindicato dos Banc\u00e1rios de BH e Regi\u00e3o, Marco Aur\u00e9lio Alves e Vanderci Ant\u00f4nio da Silva, e tamb\u00e9m de Marlene Miranda, representando a Federa\u00e7\u00e3o dos Banc\u00e1rios do Rio de Janeiro e Esp\u00edrito Santo, e D\u00e1lber Faria, que representou o Sindicato dos Banc\u00e1rios de Divin\u00f3polis.<\/p>\n<p>Pelo banco, estiveram presentes o superintendente de RH, M\u00e1rcio Ferreira, a coordenadora de RH, Rosana Maia, e o gerente de Desenvolvimento de Neg\u00f3cios, U\u00e9lques Almeida.<\/p>\n<p><strong>Remunera\u00e7\u00e3o<\/strong><\/p>\n<p>Durante a negocia\u00e7\u00e3o, os representantes dos banc\u00e1rios cobraram do Mercantil melhorias no Programa Pr\u00f3prio de Remunera\u00e7\u00e3o (PPR) de 2014. Entre as reivindica\u00e7\u00f5es, est\u00e3o a manuten\u00e7\u00e3o da garantia de recebimento dos valores correspondentes ao cumprimento das metas de redu\u00e7\u00e3o de despesas e BSC, a redu\u00e7\u00e3o da meta de lucro \u2013 que se encontra no patamar de R$ 30 milh\u00f5es -, maior transpar\u00eancia na divulga\u00e7\u00e3o de resultados e o fim das desigualdades no recebimento de valores entre os cargos no banco, j\u00e1 que todos os trabalhadores se esfor\u00e7am para o alcance das metas.<\/p>\n<p>Os dirigentes sindicais tamb\u00e9m exigiram a amplia\u00e7\u00e3o de participa\u00e7\u00e3o de todos os banc\u00e1rios na concep\u00e7\u00e3o e nas inova\u00e7\u00f5es no PPR, assim como a promo\u00e7\u00e3o de funcion\u00e1rios de ag\u00eancias respons\u00e1veis pelo atendimento aos benefici\u00e1rios do INSS.<\/p>\n<p>O Mercantil do Brasil rebateu as cr\u00edticas e exaltou a import\u00e2ncia da manuten\u00e7\u00e3o do PPR, alegando que o banco vive um momento adverso, com a divulga\u00e7\u00e3o do preju\u00edzo de R$ 39 milh\u00f5es referente ao primeiro trimestre de 2014. Para os representantes do banco, a reedi\u00e7\u00e3o do programa seria uma chance para reverter a atual situa\u00e7\u00e3o negativa.<\/p>\n<p>Os sindicalistas lembraram que os funcion\u00e1rios se esfor\u00e7am ao m\u00e1ximo no cumprimento das metas e que o resultado negativo do Mercantil foge \u00e0 al\u00e7ada da interven\u00e7\u00e3o dos trabalhadores. Por isso, banc\u00e1rias e banc\u00e1rios n\u00e3o podem ser prejudicados em sua remunera\u00e7\u00e3o e com valores inferiores no PPR.<\/p>\n<p>Diante do impasse, foi agendada nova rodada de negocia\u00e7\u00e3o sobre o tema para as 14h do pr\u00f3ximo dia 24, tamb\u00e9m na sede do Mercantil, no Centro de Belo Horizonte.<\/p>\n<p>Para Marco Aur\u00e9lio, funcion\u00e1rio do Mercantil e diretor do Sindicato, \u00e9 hora de pressionar o banco e exigir a valoriza\u00e7\u00e3o de todos os trabalhadores. \u201cTemos direito a um PPR justo, pois n\u00f3s, funcion\u00e1rios, somos os respons\u00e1veis pelos altos lucros anteriores. N\u00e3o podemos aceitar ser penalizados pelo preju\u00edzo causado pela inadimpl\u00eancia divulgada pelo banco\u201d, afirmou.<\/p>\n<p>J\u00e1 o tamb\u00e9m funcion\u00e1rio do banco e diretor do Sindicato, Vanderci Ant\u00f4nio, destacou que deve ser realizada uma plen\u00e1ria no Sindicato para esclarecer banc\u00e1rias e banc\u00e1rios do Mercantil sobre o atual acordo, que \u00e9 nocivo aos trabalhadores. \u201cO banco tem que alterar o acordo para garantir que os funcion\u00e1rios recebam valores relativos ao cumprimento das metas de redu\u00e7\u00e3o de despesas e BSC\u201d, cobrou.<\/p>\n<p><strong>Mudan\u00e7a de seguradora<\/strong><\/p>\n<p>Representantes dos funcion\u00e1rios cobraram esclarecimentos sobre a mudan\u00e7a da seguradora do banco para a Mongeral. O Mercantil disponibilizou informativo via intranet com orienta\u00e7\u00f5es para que funcion\u00e1rias e funcion\u00e1rios realizassem a migra\u00e7\u00e3o dos planos.<\/p>\n<p><strong>Pr\u00f3xima negocia\u00e7\u00e3o<\/strong><\/p>\n<p>A pr\u00f3xima rodada com o banco, agendada para o dia 24, dar\u00e1 continuidade \u00e0s negocia\u00e7\u00f5es. No mesmo dia, \u00e0s 10h, ser\u00e1 realizada uma reuni\u00e3o preparat\u00f3ria na sede do Sindicato, tamb\u00e9m no centro da capital mineira.<\/p>\n<p>Fonte: Seeb BH<\/p>\n","protected":false},"excerpt":{"rendered":"<p>Os banc\u00e1rios se reuniram na \u00faltima sexta-feira (13) com o Mercantil do Brasil, em Belo Horizonte, para a realiza\u00e7\u00e3o de mais uma rodada de negocia\u00e7\u00f5es espec\u00edficas. Entre os temas que foram tratados estavam melhorias no PPR e a mudan\u00e7a da seguradora do banco. A mesa contou com a presen\u00e7a dos diretores do Sindicato dos Banc\u00e1rios [&hellip;]<\/p>\n","protected":false},"author":1,"featured_media":0,"comment_status":"","ping_status":"","sticky":false,"template":"","format":"standard","meta":{"footnotes":""},"categories":[3],"tags":[],"class_list":["post-1389","post","type-post","status-publish","format-standard","hentry","category-noticias"],"_links":{"self":[{"href":"https:\/\/hostnetart.com.br\/baixada\/wp-json\/wp\/v2\/posts\/1389","targetHints":{"allow":["GET"]}}],"collection":[{"href":"https:\/\/hostnetart.com.br\/baixada\/wp-json\/wp\/v2\/posts"}],"about":[{"href":"https:\/\/hostnetart.com.br\/baixada\/wp-json\/wp\/v2\/types\/post"}],"author":[{"embeddable":true,"href":"https:\/\/hostnetart.com.br\/baixada\/wp-json\/wp\/v2\/users\/1"}],"replies":[{"embeddable":true,"href":"https:\/\/hostnetart.com.br\/baixada\/wp-json\/wp\/v2\/comments?post=1389"}],"version-history":[{"count":0,"href":"https:\/\/hostnetart.com.br\/baixada\/wp-json\/wp\/v2\/posts\/1389\/revisions"}],"wp:attachment":[{"href":"https:\/\/hostnetart.com.br\/baixada\/wp-json\/wp\/v2\/media?parent=1389"}],"wp:term":[{"taxonomy":"category","embeddable":true,"href":"https:\/\/hostnetart.com.br\/baixada\/wp-json\/wp\/v2\/categories?post=1389"},{"taxonomy":"post_tag","embeddable":true,"href":"https:\/\/hostnetart.com.br\/baixada\/wp-json\/wp\/v2\/tags?post=1389"}],"curies":[{"name":"wp","href":"https:\/\/api.w.org\/{rel}","templated":true}]}}