{"id":13884,"date":"2023-03-27T21:41:04","date_gmt":"2023-03-28T00:41:04","guid":{"rendered":"https:\/\/hostnetart.com.br\/baixada\/reduzir-juros-em-1-injetaria-r-60-bi-na-economia-afirma-franca-mais-obra-mais-emprego\/"},"modified":"2023-03-27T21:41:04","modified_gmt":"2023-03-28T00:41:04","slug":"reduzir-juros-em-1-injetaria-r-60-bi-na-economia-afirma-franca-mais-obra-mais-emprego","status":"publish","type":"post","link":"https:\/\/hostnetart.com.br\/baixada\/reduzir-juros-em-1-injetaria-r-60-bi-na-economia-afirma-franca-mais-obra-mais-emprego\/","title":{"rendered":"Reduzir juros em 1% injetaria R$ 60 bi na economia, afirma Fran\u00e7a: \u2018Mais obra, mais emprego\u2019"},"content":{"rendered":"<p>O ministro de Portos e Aeroportos, M\u00e1rcio Fran\u00e7a, se somou \u00e0s <a href=\"https:\/\/www.redebrasilatual.com.br\/economia\/lula-luiza-trajano-fiesp-frente-ampla-contra-campos-neto-e-o-juros-altos\/\" target=\"_blank\" rel=\"noopener noreferrer\">criticas ao Banco Central<\/a> por manter a taxa b\u00e1sica de juros (Selic) em 13,75% ao ano. Em entrevista ao jornal <em><a href=\"https:\/\/oglobo.globo.com\/politica\/noticia\/2023\/03\/entrevista-lira-e-cumpridor-de-palavra-e-vai-nos-ajudar-bastante-diz-marcio-franca.ghtml\" target=\"_blank\" rel=\"noopener noreferrer\">O Globo<\/a><\/em> nesta segunda-feira (27), ele destacou que uma redu\u00e7\u00e3o de 1% na taxa de juros injetaria R$ 60 bilh\u00f5es na economia, auxiliando na cria\u00e7\u00e3o de empregos e mais renda para os trabalhadores. O valor se refere ao custo do financiamento da d\u00edvida p\u00fablica, que fica mais caro quanto maiores s\u00e3o os juros. Com uma eventual redu\u00e7\u00e3o na Selic, os recursos do Or\u00e7amento poderiam ter outra aplica\u00e7\u00e3o.<\/p>\n<p>\u201cDo nosso ponto de vista, os acertos econ\u00f4micos s\u00e3o t\u00e3o densos que fica um pouco dif\u00edcil defender uma posi\u00e7\u00e3o t\u00e3o radical de manuten\u00e7\u00e3o do juro alto. Cada vez que voc\u00ea reduz 1% do juro, voc\u00ea coloca R$ 60 bilh\u00f5es a mais em possibilidades de gasto para o governo. Isso significa mais obra, mais emprego\u201d, afirmou.<\/p>\n<p>Ele disse que o presidente do BC, Roberto Campos Neto, na medida em que passou a ter um \u201cmandato\u201d, ter\u00e1 que aprender a conviver com as cr\u00edticas. Ainda assim, ele reclamou dos crit\u00e9rios de \u201cindepend\u00eancia\u201d da autoridade monet\u00e1ria. \u201cE se eles (integrantes do Copom) estiverem errados? Porque quando a gente erra, n\u00e3o se elege. Quando eles erram, qual \u00e9 a puni\u00e7\u00e3o?\u201d, questionou.<\/p>\n<p>Dentre outros temas, M\u00e1rcio Fran\u00e7a mencionou o programa <a href=\"https:\/\/www.redebrasilatual.com.br\/cidadania\/governo-trabalha-para-implementar-passagens-aereas-a-r-200\/\" target=\"_blank\" rel=\"noopener noreferrer\">Voa, Brasil<\/a>. A proposta inicial \u00e9 oferecer cerca de 12 milh\u00f5es de passagens a\u00e9reas a pre\u00e7os baixos para aposentados, estudantes com fies e funcion\u00e1rios p\u00fablicos com sal\u00e1rios de at\u00e9 R$ 6,8 mil. Ele detalhou que o plano n\u00e3o envolve investimento p\u00fablico, mas \u201csubs\u00eddios\u201d \u00e0s companhias a\u00e9reas. E que as pr\u00f3prias companhias sugeriram o programa, \u201cpara desmistificarem os conceitos de que elas s\u00f3 t\u00eam pre\u00e7os caros\u201d.<\/p>\n<h2>Mais ministros atacam juros altos<\/h2>\n<p>Outros dois ministros tamb\u00e9m engrossaram o coro contra os juros altos no Brasil. A ministra do Planejamento e Or\u00e7amento, Simone Tebet, criticou o tom adotado pelo Copom no comunicado e na ata que justificou a <a href=\"https:\/\/www.redebrasilatual.com.br\/economia\/copom-ignora-governo-e-economia-e-mantem-juros-em-1375-falando-em-riscos-e-incertezas\/\" target=\"_blank\" rel=\"noopener noreferrer\">manuten\u00e7\u00e3o dos juros<\/a> nos patamares atuais. \u201cAcredito que n\u00e3o precisavam ter esticado a corda como esticaram, porque tamb\u00e9m mandaram recado, a meu ver, equivocado para a equipe econ\u00f4mica e o n\u00facleo pol\u00edtico, ou para a pol\u00edtica brasileira\u201d, disse a ministra, durante confer\u00eancia em S\u00e3o Paulo.<\/p>\n<p>Assim como Fran\u00e7a, ela destacou que a autoridade monet\u00e1ria vem ignorando os esfor\u00e7os do governo. Ela citou, por exemplo, as novas regras fiscais que o governo est\u00e1 \u201cpronto para anunciar\u201d, al\u00e9m de avan\u00e7os na reforma tribut\u00e1ria e medidas j\u00e1 anunciadas pela equipe econ\u00f4mica para <a href=\"https:\/\/www.redebrasilatual.com.br\/economia\/haddad-anuncia-primeiras-medidas-economicas-do-novo-governo\/\" target=\"_blank\" rel=\"noopener noreferrer\">reduzir o d\u00e9ficit p\u00fablico<\/a>. Disse que questionou Campos Neto sobre a decis\u00e3o, e ouviu dele que \u201cfoi sempre assim\u201d. \u201cEsse \u2018Sempre foi assim\u2019 n\u00e3o me agrada\u201d, rebateu a ministra.<\/p>\n<p>Do mesmo modo, o ministro-chefe da Secretaria-Geral da Presid\u00eancia, M\u00e1rcio Macedo, afirmou hoje que a Selic nas alturas \u201cs\u00f3 serve aos especuladores\u201d. \u201cNenhum pa\u00eds do mundo sobrevive a isso. Isso \u00e9 um erro, essa \u00e9 uma orienta\u00e7\u00e3o pol\u00edtica do presidente do Banco Central, que tem ra\u00edzes e liga\u00e7\u00f5es profundas com o projeto conservador e autorit\u00e1rio que estava no poder nos \u00faltimos quatro anos. E isso n\u00f3s precisamos enfrentar\u201d, afirmou o ministro, em entrevista \u00e0 <a href=\"https:\/\/www.youtube.com\/watch?v=JdwOIdiev9I\" target=\"_blank\" rel=\"noopener noreferrer\"><em>R\u00e1dio Fan FM<\/em><\/a>, de Sergipe.<\/p>\n<p><strong>Fonte: Rede Brasil Atual<\/strong><\/p>\n","protected":false},"excerpt":{"rendered":"<p>O ministro de Portos e Aeroportos, M\u00e1rcio Fran\u00e7a, se somou \u00e0s criticas ao Banco Central por manter a taxa b\u00e1sica de juros (Selic) em 13,75% ao ano. Em entrevista ao jornal O Globo nesta segunda-feira (27), ele destacou que uma redu\u00e7\u00e3o de 1% na taxa de juros injetaria R$ 60 bilh\u00f5es na economia, auxiliando na [&hellip;]<\/p>\n","protected":false},"author":2,"featured_media":13883,"comment_status":"","ping_status":"","sticky":false,"template":"","format":"standard","meta":{"footnotes":""},"categories":[3],"tags":[],"class_list":["post-13884","post","type-post","status-publish","format-standard","has-post-thumbnail","hentry","category-noticias"],"_links":{"self":[{"href":"https:\/\/hostnetart.com.br\/baixada\/wp-json\/wp\/v2\/posts\/13884","targetHints":{"allow":["GET"]}}],"collection":[{"href":"https:\/\/hostnetart.com.br\/baixada\/wp-json\/wp\/v2\/posts"}],"about":[{"href":"https:\/\/hostnetart.com.br\/baixada\/wp-json\/wp\/v2\/types\/post"}],"author":[{"embeddable":true,"href":"https:\/\/hostnetart.com.br\/baixada\/wp-json\/wp\/v2\/users\/2"}],"replies":[{"embeddable":true,"href":"https:\/\/hostnetart.com.br\/baixada\/wp-json\/wp\/v2\/comments?post=13884"}],"version-history":[{"count":0,"href":"https:\/\/hostnetart.com.br\/baixada\/wp-json\/wp\/v2\/posts\/13884\/revisions"}],"wp:featuredmedia":[{"embeddable":true,"href":"https:\/\/hostnetart.com.br\/baixada\/wp-json\/wp\/v2\/media\/13883"}],"wp:attachment":[{"href":"https:\/\/hostnetart.com.br\/baixada\/wp-json\/wp\/v2\/media?parent=13884"}],"wp:term":[{"taxonomy":"category","embeddable":true,"href":"https:\/\/hostnetart.com.br\/baixada\/wp-json\/wp\/v2\/categories?post=13884"},{"taxonomy":"post_tag","embeddable":true,"href":"https:\/\/hostnetart.com.br\/baixada\/wp-json\/wp\/v2\/tags?post=13884"}],"curies":[{"name":"wp","href":"https:\/\/api.w.org\/{rel}","templated":true}]}}