{"id":13882,"date":"2023-03-27T21:39:33","date_gmt":"2023-03-28T00:39:33","guid":{"rendered":"https:\/\/hostnetart.com.br\/baixada\/vagner-freitas-assume-sesi-e-defende-reindustrializacao-e-fim-de-juros-extorsivos-alckmin-critica-bc\/"},"modified":"2023-03-27T21:39:33","modified_gmt":"2023-03-28T00:39:33","slug":"vagner-freitas-assume-sesi-e-defende-reindustrializacao-e-fim-de-juros-extorsivos-alckmin-critica-bc","status":"publish","type":"post","link":"https:\/\/hostnetart.com.br\/baixada\/vagner-freitas-assume-sesi-e-defende-reindustrializacao-e-fim-de-juros-extorsivos-alckmin-critica-bc\/","title":{"rendered":"Vagner Freitas assume Sesi e defende reindustrializa\u00e7\u00e3o e fim de juros \u2018extorsivos\u2019. Alckmin critica BC"},"content":{"rendered":"<p>A posse simb\u00f3lica do novo presidente do Conselho Nacional do Sesi, Vagner Freitas, na tarde desta segunda-feira (27), teve como ingrediente nova bateria de cr\u00edticas \u00e0 taxa de juros. Al\u00e9m do pr\u00f3prio Vagner, o presidente em exerc\u00edcio, Geraldo Alckmin, engrossou o ataque. \u201cVamos trabalhar pra baixar, porque n\u00e3o tem nenhuma raz\u00e3o, n\u00e3o tem demanda que justifique o maior juro do mundo\u201d, disse Alckmin, que tamb\u00e9m \u00e9 ministro do Desenvolvimento, Ind\u00fastria, Com\u00e9rcio e Servi\u00e7os.<\/p>\n<p>\u201c\u00c9 hora de trazer investimentos e reindustrializar o Brasil. Vamos retomar o caminho do desenvolvimento, e a reindustraliza\u00e7\u00e3o \u00e9 essencial para essa retomada\u201d, afirmou. Vagner Freitas, ex-presidente da CUT, assumiu a presid\u00eancia do Sesi em fevereiro, em substitui\u00e7\u00e3o a Eduardo Eug\u00eanio Gouv\u00eaa Vieira, da Federa\u00e7\u00e3o das Ind\u00fastrias do Rio de Janeiro (Firjan).<\/p>\n<h3>Inclusivo e sustent\u00e1vel<\/h3>\n<p>Para Vagner, o desenvolvimento ser \u201cinclusivo e moderno\u201d. Sustent\u00e1vel, do ponto de vista social e ambiental, garantindo distribui\u00e7\u00e3o de renda. \u201cA ind\u00fastria precisa expandir sua participa\u00e7\u00e3o no Produto Interno Bruto\u201d, afirmou. Nesse sentido, emendou o presidente do Sesi, trabalhadores e empres\u00e1rios n\u00e3o podem ser ref\u00e9ns de uma \u201cpol\u00edtica de juros inadequada, extorsiva e equivocada\u201d. Segundo ele, \u201co diagn\u00f3stico errado conduz a um tratamento errado, que resulta na morte do paciente\u201d. <a href=\"https:\/\/www.redebrasilatual.com.br\/economia\/copom-ignora-governo-e-economia-e-mantem-juros-em-1375-falando-em-riscos-e-incertezas\/?swcfpc=1\" target=\"_blank\" rel=\"noopener noreferrer\">Na semana passada, o Comit\u00ea de Pol\u00edtica Monet\u00e1ria (Copom) do Banco Central manteve a taxa b\u00e1sica (Selic) em 13,75% ao ano.<\/a><\/p>\n<p>Assim, Vagner afirmou que o \u201cesfor\u00e7o\u201d para tornar o pa\u00eds mais justo e menos desigual passa n\u00e3o s\u00f3 pela economia, mas pela sa\u00fade, educa\u00e7\u00e3o e inova\u00e7\u00e3o. Ele afirmou que, nessa dire\u00e7\u00e3o, o Sesi colabora com o Estado brasileiro. \u201c\u00c9 necess\u00e1rio uma educa\u00e7\u00e3o que forme cidad\u00e3os plenamente, que respeitem a diversidade.\u201d Sua gest\u00e3o tamb\u00e9m buscara fortalecer a participa\u00e7\u00e3o dos trabalhadores nas decis\u00f5es.<\/p>\n<figure class=\"wp-block-image size-large\"><img fetchpriority=\"high\" decoding=\"async\" class=\"wp-image-635721 lazyloaded\" src=\"https:\/\/www.redebrasilatual.com.br\/wp-content\/uploads\/2023\/03\/vf2-1024x643.jpeg\" sizes=\"(max-width: 1024px) 100vw, 1024px\" srcset=\"https:\/\/www.redebrasilatual.com.br\/wp-content\/uploads\/2023\/03\/vf2-1024x643.jpeg 1024w, https:\/\/www.redebrasilatual.com.br\/wp-content\/uploads\/2023\/03\/vf2-360x226.jpeg 360w, https:\/\/www.redebrasilatual.com.br\/wp-content\/uploads\/2023\/03\/vf2-768x483.jpeg 768w, https:\/\/www.redebrasilatual.com.br\/wp-content\/uploads\/2023\/03\/vf2.jpeg 1200w\" alt=\"\" width=\"1024\" height=\"643\" data-ll-status=\"loaded\" \/><figcaption class=\"wp-element-caption\">Posse do Conselho Nacional do Sesi, em Bras\u00edlia: men\u00e7\u00f5es \u00e0 pol\u00edtica industrial\u2026 (Reprodu\u00e7\u00e3o\/YouTube)<\/figcaption><\/figure>\n<figure class=\"wp-block-image size-large\"><img decoding=\"async\" class=\"wp-image-635727 lazyloaded\" src=\"https:\/\/www.redebrasilatual.com.br\/wp-content\/uploads\/2023\/03\/vf3-1024x643.jpeg\" sizes=\"(max-width: 1024px) 100vw, 1024px\" srcset=\"https:\/\/www.redebrasilatual.com.br\/wp-content\/uploads\/2023\/03\/vf3-1024x643.jpeg 1024w, https:\/\/www.redebrasilatual.com.br\/wp-content\/uploads\/2023\/03\/vf3-360x226.jpeg 360w, https:\/\/www.redebrasilatual.com.br\/wp-content\/uploads\/2023\/03\/vf3-768x483.jpeg 768w, https:\/\/www.redebrasilatual.com.br\/wp-content\/uploads\/2023\/03\/vf3.jpeg 1200w\" alt=\"\" width=\"1024\" height=\"643\" data-ll-status=\"loaded\" \/><figcaption class=\"wp-element-caption\">\u2026 E mais ataques os juros, inclusive pelo presidente em exerc\u00edcio (Reprodu\u00e7\u00e3o\/YouTube)<\/figcaption><\/figure>\n<h3>C\u00e2mbio, impostos e juros<\/h3>\n<p>Alckmin, que fechou o evento, afirmou que o Sesi \u00e9 um \u201csin\u00f4nimo de excel\u00eancia\u201d. E contou que a institui\u00e7\u00e3o tinha a escola mais disputada em sua cidade natal, Pindamonhangaba (SP).<\/p>\n<p>Sobre as preocupa\u00e7\u00f5es da economia, o presidente em exerc\u00edcio citou tr\u00eas fatores: juros, impostos e c\u00e2mbio. Nesse \u00faltimo, a quest\u00e3o agora \u00e9 preservar a estabilidade. No segundo caso, afirmou,, o pais caminha para ter \u201cfinalmente uma simplifica\u00e7\u00e3o tribut\u00e1ria que vai dar um impulso na ind\u00fastria e no emprego\u201d. Assim, o foco se volta para os juros, al\u00e9m da conquista de mercados internacionais.<\/p>\n<p><strong>Fonte: Rede Brasil Atual<\/strong><\/p>\n","protected":false},"excerpt":{"rendered":"<p>A posse simb\u00f3lica do novo presidente do Conselho Nacional do Sesi, Vagner Freitas, na tarde desta segunda-feira (27), teve como ingrediente nova bateria de cr\u00edticas \u00e0 taxa de juros. Al\u00e9m do pr\u00f3prio Vagner, o presidente em exerc\u00edcio, Geraldo Alckmin, engrossou o ataque. \u201cVamos trabalhar pra baixar, porque n\u00e3o tem nenhuma raz\u00e3o, n\u00e3o tem demanda que [&hellip;]<\/p>\n","protected":false},"author":2,"featured_media":13881,"comment_status":"","ping_status":"","sticky":false,"template":"","format":"standard","meta":{"footnotes":""},"categories":[3],"tags":[],"class_list":["post-13882","post","type-post","status-publish","format-standard","has-post-thumbnail","hentry","category-noticias"],"_links":{"self":[{"href":"https:\/\/hostnetart.com.br\/baixada\/wp-json\/wp\/v2\/posts\/13882","targetHints":{"allow":["GET"]}}],"collection":[{"href":"https:\/\/hostnetart.com.br\/baixada\/wp-json\/wp\/v2\/posts"}],"about":[{"href":"https:\/\/hostnetart.com.br\/baixada\/wp-json\/wp\/v2\/types\/post"}],"author":[{"embeddable":true,"href":"https:\/\/hostnetart.com.br\/baixada\/wp-json\/wp\/v2\/users\/2"}],"replies":[{"embeddable":true,"href":"https:\/\/hostnetart.com.br\/baixada\/wp-json\/wp\/v2\/comments?post=13882"}],"version-history":[{"count":0,"href":"https:\/\/hostnetart.com.br\/baixada\/wp-json\/wp\/v2\/posts\/13882\/revisions"}],"wp:featuredmedia":[{"embeddable":true,"href":"https:\/\/hostnetart.com.br\/baixada\/wp-json\/wp\/v2\/media\/13881"}],"wp:attachment":[{"href":"https:\/\/hostnetart.com.br\/baixada\/wp-json\/wp\/v2\/media?parent=13882"}],"wp:term":[{"taxonomy":"category","embeddable":true,"href":"https:\/\/hostnetart.com.br\/baixada\/wp-json\/wp\/v2\/categories?post=13882"},{"taxonomy":"post_tag","embeddable":true,"href":"https:\/\/hostnetart.com.br\/baixada\/wp-json\/wp\/v2\/tags?post=13882"}],"curies":[{"name":"wp","href":"https:\/\/api.w.org\/{rel}","templated":true}]}}