{"id":13878,"date":"2023-03-24T19:08:53","date_gmt":"2023-03-24T22:08:53","guid":{"rendered":"https:\/\/hostnetart.com.br\/baixada\/luta-por-igualdade-na-categoria-bancaria-passa-pela-ampliacao-dos-canais-basta-nao-irao-nos-calar\/"},"modified":"2023-03-24T19:08:53","modified_gmt":"2023-03-24T22:08:53","slug":"luta-por-igualdade-na-categoria-bancaria-passa-pela-ampliacao-dos-canais-basta-nao-irao-nos-calar","status":"publish","type":"post","link":"https:\/\/hostnetart.com.br\/baixada\/luta-por-igualdade-na-categoria-bancaria-passa-pela-ampliacao-dos-canais-basta-nao-irao-nos-calar\/","title":{"rendered":"Luta por igualdade na categoria banc\u00e1ria passa pela amplia\u00e7\u00e3o dos canais \u2018Basta! N\u00e3o ir\u00e3o nos calar!\u2019"},"content":{"rendered":"<p>A iniciativa \u201cBasta! N\u00e3o ir\u00e3o nos calar!\u201d, criada pelo movimento sindical banc\u00e1rio, em 2019, para oferecer atendimento jur\u00eddico a mulheres em situa\u00e7\u00e3o de viol\u00eancia dom\u00e9stica e familiar ser\u00e1 ampliado em mais dois canais neste ano, completando 12 no total. Com isso, o \u201cBasta!\u201d passa a estar presente nas cinco regi\u00f5es do pa\u00eds. O an\u00fancio aconteceu durante semin\u00e1rio sobre o tema, realizado pela Secretaria da Mulher, da Confedera\u00e7\u00e3o Nacional dos Trabalhadores do Ramo Financeiro (Contraf-CUT), na \u00faltima quarta-feira (22).<\/p>\n<p>\u201cPara que a igualdade entre homens e mulheres seja alcan\u00e7ada, de fato, \u00e9 preciso erradicar os ciclos de viol\u00eancia pelos quais as mulheres s\u00e3o submetidas. \u00c9 por isso que o \u2018Basta!\u2019 foi criado\u201d, explicou a coordenadora da iniciativa e assessora jur\u00eddica da Contraf-CUT, Phamela Godoy.<\/p>\n<p>A viol\u00eancia dom\u00e9stica causa uma perda anual de R$ 1 bilh\u00e3o de reais ao pa\u00eds, isso porque mulheres v\u00edtimas desse mal tendem a faltar em m\u00e9dia 18 dias de trabalho por ano. A informa\u00e7\u00e3o \u00e9 de uma\u00a0<a href=\"https:\/\/www.uol.com.br\/universa\/noticias\/redacao\/2019\/11\/07\/violencia-faz-mulher-faltar-18-dias-de-trabalho-e-pais-perder-r-1-bi.htm\">pesquisa feita pela Universidade Federal do Cear\u00e1 (UFC)<\/a>, apresentada durante o semin\u00e1rio pela presidenta da Contraf-CUT e vice-presidenta da CUT Nacional, Juvandia Moreira.<\/p>\n<p>A pesquisa destacada por ela mostra ainda que as mulheres que sofrem viol\u00eancia dom\u00e9stica apresentam mais problemas de concentra\u00e7\u00e3o e estresse relacionados ao trabalho. \u201cA categoria banc\u00e1ria tem um hist\u00f3rico de avan\u00e7os importantes na luta por igualdade de oportunidade e a cria\u00e7\u00e3o do \u2018Basta!\u2019 faz parte do processo porque, infelizmente, a viol\u00eancia de g\u00eanero no pa\u00eds \u00e9 um problema gritante e concreto, que precisa ser enfrentado\u201d, ponderou Juvandia.<\/p>\n<h3><strong>Resultados<\/strong><\/h3>\n<p>No semin\u00e1rio, a secret\u00e1ria da Mulher da Contraf-CUT, Fernanda Lopes, apresentou o balan\u00e7o dos atendimentos do \u2018Basta!\u2019. A\u00a0<a href=\"https:\/\/spbancarios.com.br\/tag\/contraf-cut-0\">iniciativa nasceu dentro do Sindicato dos Banc\u00e1rios de S\u00e3o Paulo, Osasco e Regi\u00e3o<\/a>, em 2019.\u00a0<a href=\"https:\/\/contrafcut.com.br\/noticias\/contraf-cut-lanca-projeto-basta-contra-a-violencia-domestica\/\">Cerca de dois anos depois, em 2021<\/a>, a Contraf-CUT abra\u00e7ou o programa e criou uma assessoria para replic\u00e1-lo nos sindicatos vinculados ao Comando Nacional dos Banc\u00e1rios.<\/p>\n<p>\u201cNeste m\u00eas de mar\u00e7o de 2023, lan\u00e7amos um novo canal, no Sindicato dos Banc\u00e1rios de Catanduva, no interior de S\u00e3o Paulo. E, no in\u00edcio de abril, um outro ser\u00e1 lan\u00e7ado no Sindicato dos Banc\u00e1rios do Estado de Rond\u00f4nia, o primeiro na regi\u00e3o Norte. Assim, completaremos 12 canais para acolhimento e assist\u00eancia jur\u00eddica especializada, com presen\u00e7a nas cinco regi\u00f5es do pa\u00eds, considerando que os sindicatos com os canais do \u2018Basta!\u2019 representam trabalhadores de 353 cidades do pa\u00eds\u201d, explicou Fernanda.<\/p>\n<p>At\u00e9 o momento da realiza\u00e7\u00e3o do semin\u00e1rio, os canais do \u2018Basta!\u2019 atenderam 360 pessoas, sendo 358 mulheres e dois homens parentes de mulheres em situa\u00e7\u00e3o de viol\u00eancia dom\u00e9stica ou familiar.<\/p>\n<p>\u201cOs atendimentos do \u2018Basta!\u2019 geraram 256 a\u00e7\u00f5es judiciais e, desse total, 164 pedidos de medida protetiva de urg\u00eancia obtidos com a assessoria dos sindicatos \u00e0s v\u00edtimas\u201d, continuou Fernanda, lembrando que em alguns casos uma pessoa demanda mais de um processo judicial.<\/p>\n<p>Tamb\u00e9m gra\u00e7as aos canais do \u2018Basta!\u2019, foram distribu\u00eddas 102 a\u00e7\u00f5es relacionadas ao direito de fam\u00edlia, sendo as demandas mais comuns para div\u00f3rcio, dissolu\u00e7\u00e3o de uni\u00e3o est\u00e1vel, partilha de bens, guarda de filhos e pens\u00e3o aliment\u00edcia. Desse total, nove a\u00e7\u00f5es penais seguem em tramita\u00e7\u00e3o e outras 47 foram conclu\u00eddas sem nenhum indeferimento, ou seja, foram julgadas procedentes ou parcialmente procedentes.<\/p>\n<p>Existem ainda 53 inqu\u00e9ritos policiais em curso, que podem ou n\u00e3o evoluir para uma a\u00e7\u00e3o penal, e por isso n\u00e3o constam do total de processos judiciais.<\/p>\n<p><strong>Confira abaixo as informa\u00e7\u00f5es dos sindicatos com canais em funcionamento:<\/strong><\/p>\n<p>1.\u00a0\u00a0\u00a0\u00a0\u00a0\u00a0\u00a0\u00a0\u00a0\u00a0\u00a0 S\u00e3o Paulo, Osasco e Regi\u00e3o, canal Basta! N\u00e3o ir\u00e3o nos calar!, que atende via whatsapp (11) 97325-7975;<\/p>\n<p>2.\u00a0\u00a0\u00a0\u00a0\u00a0\u00a0\u00a0\u00a0\u00a0\u00a0\u00a0 Bras\u00edlia, canal Viva Sem Viol\u00eancia, que atende via whatsapp (61)\u00a0 9292-5294;<\/p>\n<p>3.\u00a0\u00a0\u00a0\u00a0\u00a0\u00a0\u00a0\u00a0\u00a0\u00a0\u00a0 Pernambuco, canal Basta! N\u00e3o ir\u00e3o nos calar!, que atende via whatsapp (81) 97347-3585<\/p>\n<p>4.\u00a0\u00a0\u00a0\u00a0\u00a0\u00a0\u00a0\u00a0\u00a0\u00a0\u00a0 Para\u00edba, canal Basta de Viol\u00eancia Dom\u00e9stica contra Mulher, que atende via whatsapp (83) 9123-9845;<\/p>\n<p>5.\u00a0\u00a0\u00a0\u00a0\u00a0\u00a0\u00a0\u00a0\u00a0\u00a0\u00a0 Rio de Janeiro, canal Basta! N\u00e3o ir\u00e3o nos calar!, que atende via whatsapp (21) 98013-0042;<\/p>\n<p>6.\u00a0\u00a0\u00a0\u00a0\u00a0\u00a0\u00a0\u00a0\u00a0\u00a0\u00a0 Porto Alegre e Regi\u00e3o, canal Basta! N\u00e3o ir\u00e3o nos calar!, que atende via whatsapp (51) 97401-0902;<\/p>\n<p>7.\u00a0\u00a0\u00a0\u00a0\u00a0\u00a0\u00a0\u00a0\u00a0\u00a0\u00a0 Campinas e Regi\u00e3o, canal Mulher n\u00e3o se cale!, que atende via whatsapp (19) 99814-6417;<\/p>\n<p>8.\u00a0\u00a0\u00a0\u00a0\u00a0\u00a0\u00a0\u00a0\u00a0\u00a0\u00a0 ABC, canal Basta! N\u00e3o ir\u00e3o nos calar!, que atende via whatsapp (11) 98244-1637;<\/p>\n<p>9.\u00a0\u00a0\u00a0\u00a0\u00a0\u00a0\u00a0\u00a0\u00a0\u00a0\u00a0 Piracicaba e Regi\u00e3o, canal SindBan Acolhe, que atende via telefone (19) 3417-1333;<\/p>\n<p>10.\u00a0\u00a0\u00a0\u00a0\u00a0\u00a0\u00a0\u00a0\u00a0 Belo Horizonte e Regi\u00e3o, canal Basta! N\u00e3o ir\u00e3o nos calar!, que atende via telefone (31) 3279-7800;<\/p>\n<p>11.\u00a0\u00a0\u00a0\u00a0\u00a0\u00a0\u00a0 Catanduva, S\u00e3o Palo, canal Basta! N\u00e3o ir\u00e3o nos calar!, que atende via telefone (17) 99614-1964.<\/p>\n<p><strong>Fonte: Contraf-CUT<\/strong><\/p>\n","protected":false},"excerpt":{"rendered":"<p>A iniciativa \u201cBasta! N\u00e3o ir\u00e3o nos calar!\u201d, criada pelo movimento sindical banc\u00e1rio, em 2019, para oferecer atendimento jur\u00eddico a mulheres em situa\u00e7\u00e3o de viol\u00eancia dom\u00e9stica e familiar ser\u00e1 ampliado em mais dois canais neste ano, completando 12 no total. Com isso, o \u201cBasta!\u201d passa a estar presente nas cinco regi\u00f5es do pa\u00eds. O an\u00fancio aconteceu [&hellip;]<\/p>\n","protected":false},"author":2,"featured_media":13877,"comment_status":"","ping_status":"","sticky":false,"template":"","format":"standard","meta":{"footnotes":""},"categories":[3],"tags":[],"class_list":["post-13878","post","type-post","status-publish","format-standard","has-post-thumbnail","hentry","category-noticias"],"_links":{"self":[{"href":"https:\/\/hostnetart.com.br\/baixada\/wp-json\/wp\/v2\/posts\/13878","targetHints":{"allow":["GET"]}}],"collection":[{"href":"https:\/\/hostnetart.com.br\/baixada\/wp-json\/wp\/v2\/posts"}],"about":[{"href":"https:\/\/hostnetart.com.br\/baixada\/wp-json\/wp\/v2\/types\/post"}],"author":[{"embeddable":true,"href":"https:\/\/hostnetart.com.br\/baixada\/wp-json\/wp\/v2\/users\/2"}],"replies":[{"embeddable":true,"href":"https:\/\/hostnetart.com.br\/baixada\/wp-json\/wp\/v2\/comments?post=13878"}],"version-history":[{"count":0,"href":"https:\/\/hostnetart.com.br\/baixada\/wp-json\/wp\/v2\/posts\/13878\/revisions"}],"wp:featuredmedia":[{"embeddable":true,"href":"https:\/\/hostnetart.com.br\/baixada\/wp-json\/wp\/v2\/media\/13877"}],"wp:attachment":[{"href":"https:\/\/hostnetart.com.br\/baixada\/wp-json\/wp\/v2\/media?parent=13878"}],"wp:term":[{"taxonomy":"category","embeddable":true,"href":"https:\/\/hostnetart.com.br\/baixada\/wp-json\/wp\/v2\/categories?post=13878"},{"taxonomy":"post_tag","embeddable":true,"href":"https:\/\/hostnetart.com.br\/baixada\/wp-json\/wp\/v2\/tags?post=13878"}],"curies":[{"name":"wp","href":"https:\/\/api.w.org\/{rel}","templated":true}]}}