{"id":1387,"date":"2014-06-18T00:00:00","date_gmt":"2014-06-18T03:00:00","guid":{"rendered":"https:\/\/hostnetart.com.br\/baixada\/patrocinadora-da-copa-nestle-e-denunciada-por-praticas-antissindicais\/"},"modified":"2014-06-18T00:00:00","modified_gmt":"2014-06-18T03:00:00","slug":"patrocinadora-da-copa-nestle-e-denunciada-por-praticas-antissindicais","status":"publish","type":"post","link":"https:\/\/hostnetart.com.br\/baixada\/patrocinadora-da-copa-nestle-e-denunciada-por-praticas-antissindicais\/","title":{"rendered":"Patrocinadora da Copa, Nestl\u00e9 \u00e9 denunciada por pr\u00e1ticas antissindicais"},"content":{"rendered":"<p>Em carta enviada \u00e0 casa dos 340 funcion\u00e1rios da unidade de Itabuna, na Bahia, a Nestl\u00e9, uma das maiores multinacionais do setor aliment\u00edcio e patrocinadora da Copa do Mundo, amea\u00e7a a quem n\u00e3o aceitar abrir m\u00e3o de direitos e melhorias salariais, numa flagrante viola\u00e7\u00e3o \u00e0 lei e \u00e0s normas internacionais do trabalho.<\/p>\n<p>No seu comunicado, a empresa coage os funcion\u00e1rios a realizarem uma assembleia para aprovar a sua proposta. Os trabalhadores reivindicam piso salarial \u00fanico para todas as unidades e reajuste salarial de 9%, mas a multinacional oferece 7,5%, um aumento real de somente 0,5%.<\/p>\n<p>A Confedera\u00e7\u00e3o Nacional dos Trabalhadores nas Ind\u00fastrias da Alimenta\u00e7\u00e3o (Contac-CUT) denunciou o \u201ccrime antissindical da Nestl\u00e9\u201d e alerta que, caso a empresa persista neste descaminho, far\u00e1 uma den\u00fancia formal \u00e0 Organiza\u00e7\u00e3o Internacional do Trabalho (OIT) ao lado da Confedera\u00e7\u00e3o Sindical Internacional (CSI).<\/p>\n<p>\u201cConfiando na impunidade, a multinacional est\u00e1 agindo com prepot\u00eancia, jogando o terror sobre os trabalhadores e suas fam\u00edlias\u201d, condenou Siderlei de Oliveira, presidente da Contac-CUT.<\/p>\n<p>Conforme Eduardo Sodr\u00e9, diretor do SindiAlimenta\u00e7\u00e3o de Itabuna, a diferencia\u00e7\u00e3o de piso salarial nas diversas unidades revoltou os trabalhadores: o piso para funcion\u00e1rios da Nestl\u00e9 na Bahia \u00e9 de R$ 1.075,00, contra R$ 1.100 de Minas Gerais e R$ 1.240 de S\u00e3o Paulo. Segundo o Departamento Intersindical de Estat\u00edstica e Estudos Socioecon\u00f4micos (Dieese), o sal\u00e1rio m\u00ednimo necess\u00e1rio em maio era de R$ 3.079,31.<\/p>\n<p>Uma assembleia nesta ter\u00e7a-feira (17) vai decidir sobre a paralisa\u00e7\u00e3o das atividades em Itabuna.<\/p>\n<p>Fonte: Contrac-CUT<\/p>\n","protected":false},"excerpt":{"rendered":"<p>Em carta enviada \u00e0 casa dos 340 funcion\u00e1rios da unidade de Itabuna, na Bahia, a Nestl\u00e9, uma das maiores multinacionais do setor aliment\u00edcio e patrocinadora da Copa do Mundo, amea\u00e7a a quem n\u00e3o aceitar abrir m\u00e3o de direitos e melhorias salariais, numa flagrante viola\u00e7\u00e3o \u00e0 lei e \u00e0s normas internacionais do trabalho. No seu comunicado, [&hellip;]<\/p>\n","protected":false},"author":1,"featured_media":0,"comment_status":"","ping_status":"","sticky":false,"template":"","format":"standard","meta":{"footnotes":""},"categories":[3],"tags":[],"class_list":["post-1387","post","type-post","status-publish","format-standard","hentry","category-noticias"],"_links":{"self":[{"href":"https:\/\/hostnetart.com.br\/baixada\/wp-json\/wp\/v2\/posts\/1387","targetHints":{"allow":["GET"]}}],"collection":[{"href":"https:\/\/hostnetart.com.br\/baixada\/wp-json\/wp\/v2\/posts"}],"about":[{"href":"https:\/\/hostnetart.com.br\/baixada\/wp-json\/wp\/v2\/types\/post"}],"author":[{"embeddable":true,"href":"https:\/\/hostnetart.com.br\/baixada\/wp-json\/wp\/v2\/users\/1"}],"replies":[{"embeddable":true,"href":"https:\/\/hostnetart.com.br\/baixada\/wp-json\/wp\/v2\/comments?post=1387"}],"version-history":[{"count":0,"href":"https:\/\/hostnetart.com.br\/baixada\/wp-json\/wp\/v2\/posts\/1387\/revisions"}],"wp:attachment":[{"href":"https:\/\/hostnetart.com.br\/baixada\/wp-json\/wp\/v2\/media?parent=1387"}],"wp:term":[{"taxonomy":"category","embeddable":true,"href":"https:\/\/hostnetart.com.br\/baixada\/wp-json\/wp\/v2\/categories?post=1387"},{"taxonomy":"post_tag","embeddable":true,"href":"https:\/\/hostnetart.com.br\/baixada\/wp-json\/wp\/v2\/tags?post=1387"}],"curies":[{"name":"wp","href":"https:\/\/api.w.org\/{rel}","templated":true}]}}