{"id":13866,"date":"2023-03-23T18:48:50","date_gmt":"2023-03-23T21:48:50","guid":{"rendered":"https:\/\/hostnetart.com.br\/baixada\/santander-fara-mudancas-na-nomenclatura-dos-cargos\/"},"modified":"2023-03-23T18:48:50","modified_gmt":"2023-03-23T21:48:50","slug":"santander-fara-mudancas-na-nomenclatura-dos-cargos","status":"publish","type":"post","link":"https:\/\/hostnetart.com.br\/baixada\/santander-fara-mudancas-na-nomenclatura-dos-cargos\/","title":{"rendered":"Santander far\u00e1 mudan\u00e7as na nomenclatura dos cargos"},"content":{"rendered":"<p>O Santander far\u00e1 uma revis\u00e3o na nomenclatura dos cargos. O an\u00fancio foi feito nesta quarta-feira (22), em duas reuni\u00f5es. Uma foi realizada entre a Comiss\u00e3o de Organiza\u00e7\u00e3o dos Empregados (COE) do Santander e o RH do banco, e outra entre funcion\u00e1rios e o presidente do banco, Mario Roberto Opice Le\u00e3o.<\/p>\n<h3>Nova nomenclatura<\/h3>\n<ul>\n<li>Especialista \u2013 <em>Cargo sem gest\u00e3o de pessoas. Ser\u00e3o subdivididos nos segmentos 1, 2, 3 e 4. Exemplos de cargos atuais que ser\u00e3o inseridos nesta nova nomenclatura: analistas em geral, gerentes de contas e de relacionamento.<\/em><\/li>\n<li>L\u00edder \u2013 <em>Faz gest\u00e3o de equipes e as mobiliza. Exemplo: gerentes-gerais e gerentes administrativos<\/em>.<\/li>\n<li>Head \u2013 <em>Define e direciona estrat\u00e9gias e forma novos l\u00edderes. Exemplo: superintendentes<\/em>.<\/li>\n<li>S\u00f3cio \u2013<em> Toma decis\u00f5es. Exemplos: diretores, vice-presidentes e presidente<\/em>.<\/li>\n<\/ul>\n<p>N\u00e3o haver\u00e1 altera\u00e7\u00e3o salarial. Segundo o Santander, as altera\u00e7\u00f5es visam a dinamizar e agilizar as decis\u00f5es, bem como alcan\u00e7ar mais horizontalidade. \u201cPara o movimento sindical, as mudan\u00e7as de nomenclatura s\u00f3 resultar\u00e3o em mais dinamismo e agilidade se forem acompanhadas da revis\u00e3o de processos internos e se houver de fato valoriza\u00e7\u00e3o das pessoas. Acompanharemos de perto essas mudan\u00e7as para que possamos aferir se haver\u00e1 outros impactos sobre os trabalhadores\u201d, afirmou Lucimara Malaquias, coordenadora da COE Santander.<\/p>\n<p>As mudan\u00e7as ser\u00e3o efetivadas a partir de maio. Nos pr\u00f3ximos dias, o banco vai enviar um comunicado institucional e individual para cada funcion\u00e1rio detalhando as altera\u00e7\u00f5es.<\/p>\n<p><strong>Fonte: Contraf-CUT<\/strong><\/p>\n","protected":false},"excerpt":{"rendered":"<p>O Santander far\u00e1 uma revis\u00e3o na nomenclatura dos cargos. O an\u00fancio foi feito nesta quarta-feira (22), em duas reuni\u00f5es. Uma foi realizada entre a Comiss\u00e3o de Organiza\u00e7\u00e3o dos Empregados (COE) do Santander e o RH do banco, e outra entre funcion\u00e1rios e o presidente do banco, Mario Roberto Opice Le\u00e3o. Nova nomenclatura Especialista \u2013 Cargo [&hellip;]<\/p>\n","protected":false},"author":2,"featured_media":13865,"comment_status":"","ping_status":"","sticky":false,"template":"","format":"standard","meta":{"footnotes":""},"categories":[3],"tags":[],"class_list":["post-13866","post","type-post","status-publish","format-standard","has-post-thumbnail","hentry","category-noticias"],"_links":{"self":[{"href":"https:\/\/hostnetart.com.br\/baixada\/wp-json\/wp\/v2\/posts\/13866","targetHints":{"allow":["GET"]}}],"collection":[{"href":"https:\/\/hostnetart.com.br\/baixada\/wp-json\/wp\/v2\/posts"}],"about":[{"href":"https:\/\/hostnetart.com.br\/baixada\/wp-json\/wp\/v2\/types\/post"}],"author":[{"embeddable":true,"href":"https:\/\/hostnetart.com.br\/baixada\/wp-json\/wp\/v2\/users\/2"}],"replies":[{"embeddable":true,"href":"https:\/\/hostnetart.com.br\/baixada\/wp-json\/wp\/v2\/comments?post=13866"}],"version-history":[{"count":0,"href":"https:\/\/hostnetart.com.br\/baixada\/wp-json\/wp\/v2\/posts\/13866\/revisions"}],"wp:featuredmedia":[{"embeddable":true,"href":"https:\/\/hostnetart.com.br\/baixada\/wp-json\/wp\/v2\/media\/13865"}],"wp:attachment":[{"href":"https:\/\/hostnetart.com.br\/baixada\/wp-json\/wp\/v2\/media?parent=13866"}],"wp:term":[{"taxonomy":"category","embeddable":true,"href":"https:\/\/hostnetart.com.br\/baixada\/wp-json\/wp\/v2\/categories?post=13866"},{"taxonomy":"post_tag","embeddable":true,"href":"https:\/\/hostnetart.com.br\/baixada\/wp-json\/wp\/v2\/tags?post=13866"}],"curies":[{"name":"wp","href":"https:\/\/api.w.org\/{rel}","templated":true}]}}