{"id":13860,"date":"2023-03-22T23:21:28","date_gmt":"2023-03-23T02:21:28","guid":{"rendered":"https:\/\/hostnetart.com.br\/baixada\/coletivo-nacional-de-saude-define-pauta-de-reivindicacoes\/"},"modified":"2023-03-22T23:21:28","modified_gmt":"2023-03-23T02:21:28","slug":"coletivo-nacional-de-saude-define-pauta-de-reivindicacoes","status":"publish","type":"post","link":"https:\/\/hostnetart.com.br\/baixada\/coletivo-nacional-de-saude-define-pauta-de-reivindicacoes\/","title":{"rendered":"Coletivo Nacional de Sa\u00fade define pauta de reivindica\u00e7\u00f5es"},"content":{"rendered":"<p>O Coletivo Nacional de Sa\u00fade da Confedera\u00e7\u00e3o Nacional dos Trabalhadores do Ramo Financeiro (Contraf-CUT) se reuniu, nesta quarta-feira (22), na sede da entidade, em S\u00e3o Paulo, para definir as prioridades da pauta de reivindica\u00e7\u00f5es de sa\u00fade e condi\u00e7\u00f5es de trabalho e a organiza\u00e7\u00e3o do coletivo para os debates da Comiss\u00e3o Bipartite de Sa\u00fade e Condi\u00e7\u00f5es de Trabalho junto \u00e0 Comiss\u00e3o de Negocia\u00e7\u00f5es da Federa\u00e7\u00e3o Nacional dos Bancos (CN Fenaban).<\/p>\n<p>A principal bandeira do coletivo \u00e9 a retomada da mesa permanente de sa\u00fade com a Fenaban. \u201c\u00c9 um espa\u00e7o que conquistamos ap\u00f3s muita luta para avan\u00e7ar numa tem\u00e1tica t\u00e3o importante para o dia a dia dos trabalhadores do ramo financeiro\u201d, afirmou Mauro Salles, Secret\u00e1rio de Sa\u00fade, da Contraf-CUT.<\/p>\n<p>O encontro come\u00e7ou com uma an\u00e1lise de conjuntura da secret\u00e1ria de Sa\u00fade do Trabalhador da Central \u00danica dos Trabalhadores (CUT), Madalena Margarida da Silva. Ela revelou como foi a reuni\u00e3o, realizada em fevereiro, entre representantes da CUT e outras centrais sindicais e o Secret\u00e1rio Executivo do Minist\u00e9rio, Swedenberger Barbosa, em Bras\u00edlia.<\/p>\n<p>De acordo com ela, a reuni\u00e3o colocou fim a um per\u00edodo sombrio em que n\u00e3o se podiam debater quest\u00f5es como sa\u00fade e os direitos dos trabalhadores \u2013 temas que negligenciados pelo governo federal, nas gest\u00f5es de Michel Temer (MDB) e Jair Bolsonaro (PL). \u201c\u00c9 um momento hist\u00f3rico e valioso porque havia seis anos que n\u00f3s, as centrais sindicais e o F\u00f3rum Nacional de Sa\u00fade do Trabalhador, n\u00e3o t\u00ednhamos um contato com o minist\u00e9rio para colocarmos nossas pautas\u201d, diz a dirigente.<\/p>\n<p>O resultado do encontro, segundo Madalena, foi positivo j\u00e1 que mesmo com todas as dificuldades enfrentadas pelo pa\u00eds, a prote\u00e7\u00e3o \u00e0 sa\u00fade dos trabalhadores ter\u00e1 destaque no minist\u00e9rio. \u201cSabemos que na atual conjuntura, pautas como a econ\u00f4mica, da cria\u00e7\u00e3o e empregos e outras s\u00e3o igualmente fundamentais e acabam se sobrepondo \u00e0 gest\u00e3o de pol\u00edticas de sa\u00fade do trabalhador, mas a resposta foi positiva e sa\u00edmos do encontro com resolu\u00e7\u00f5es importantes\u201d, disse.<\/p>\n<p>Entre as decis\u00f5es tomadas na reuni\u00e3o est\u00e3o a realiza\u00e7\u00e3o de um diagn\u00f3stico sobre quest\u00f5es relacionadas \u00e0 sa\u00fade do trabalho no \u00e2mbito do Minist\u00e9rio da Sa\u00fade para conhecimento do F\u00f3rum Nacional de Sa\u00fade do Trabalhador, coordenado por Madalena Silva.<\/p>\n<p>Depois da abertura, os dirigentes sindicais definiram as estrat\u00e9gias de defesa dos principais pontos da pauta de reivindica\u00e7\u00e3o, apresentada \u00e0 Fenaban, com o pedido de agendamento de uma mesa de negocia\u00e7\u00e3o.<\/p>\n<p>Foi definido tamb\u00e9m a realiza\u00e7\u00e3o de um Dia Nacional de Lutas contra o adoecimento no local de trabalho no dia 11 de abril.<\/p>\n<p><strong>Fonte: Contraf-CUT<\/strong><\/p>\n","protected":false},"excerpt":{"rendered":"<p>O Coletivo Nacional de Sa\u00fade da Confedera\u00e7\u00e3o Nacional dos Trabalhadores do Ramo Financeiro (Contraf-CUT) se reuniu, nesta quarta-feira (22), na sede da entidade, em S\u00e3o Paulo, para definir as prioridades da pauta de reivindica\u00e7\u00f5es de sa\u00fade e condi\u00e7\u00f5es de trabalho e a organiza\u00e7\u00e3o do coletivo para os debates da Comiss\u00e3o Bipartite de Sa\u00fade e Condi\u00e7\u00f5es [&hellip;]<\/p>\n","protected":false},"author":2,"featured_media":13859,"comment_status":"","ping_status":"","sticky":false,"template":"","format":"standard","meta":{"footnotes":""},"categories":[3],"tags":[],"class_list":["post-13860","post","type-post","status-publish","format-standard","has-post-thumbnail","hentry","category-noticias"],"_links":{"self":[{"href":"https:\/\/hostnetart.com.br\/baixada\/wp-json\/wp\/v2\/posts\/13860","targetHints":{"allow":["GET"]}}],"collection":[{"href":"https:\/\/hostnetart.com.br\/baixada\/wp-json\/wp\/v2\/posts"}],"about":[{"href":"https:\/\/hostnetart.com.br\/baixada\/wp-json\/wp\/v2\/types\/post"}],"author":[{"embeddable":true,"href":"https:\/\/hostnetart.com.br\/baixada\/wp-json\/wp\/v2\/users\/2"}],"replies":[{"embeddable":true,"href":"https:\/\/hostnetart.com.br\/baixada\/wp-json\/wp\/v2\/comments?post=13860"}],"version-history":[{"count":0,"href":"https:\/\/hostnetart.com.br\/baixada\/wp-json\/wp\/v2\/posts\/13860\/revisions"}],"wp:featuredmedia":[{"embeddable":true,"href":"https:\/\/hostnetart.com.br\/baixada\/wp-json\/wp\/v2\/media\/13859"}],"wp:attachment":[{"href":"https:\/\/hostnetart.com.br\/baixada\/wp-json\/wp\/v2\/media?parent=13860"}],"wp:term":[{"taxonomy":"category","embeddable":true,"href":"https:\/\/hostnetart.com.br\/baixada\/wp-json\/wp\/v2\/categories?post=13860"},{"taxonomy":"post_tag","embeddable":true,"href":"https:\/\/hostnetart.com.br\/baixada\/wp-json\/wp\/v2\/tags?post=13860"}],"curies":[{"name":"wp","href":"https:\/\/api.w.org\/{rel}","templated":true}]}}