{"id":13858,"date":"2023-03-22T03:34:30","date_gmt":"2023-03-22T06:34:30","guid":{"rendered":"https:\/\/hostnetart.com.br\/baixada\/ato-contra-juros-altos-do-banco-central-tem-presenca-do-sindicato-dos-bancarios-da-baixada-fluminense\/"},"modified":"2023-03-22T03:34:30","modified_gmt":"2023-03-22T06:34:30","slug":"ato-contra-juros-altos-do-banco-central-tem-presenca-do-sindicato-dos-bancarios-da-baixada-fluminense","status":"publish","type":"post","link":"https:\/\/hostnetart.com.br\/baixada\/ato-contra-juros-altos-do-banco-central-tem-presenca-do-sindicato-dos-bancarios-da-baixada-fluminense\/","title":{"rendered":"Ato contra juros altos do Banco Central tem presen\u00e7a do Sindicato dos Banc\u00e1rios da Baixada Fluminense"},"content":{"rendered":"<p>O Sindicato dos Banc\u00e1rios da Baixada Fluminense esteve presente, nesta \u00faltima ter\u00e7a-feira, 21 de mar\u00e7o, no Centro do Rio de Janeiro, ao ato\u00a0que exigia a\u00a0redu\u00e7\u00e3o da taxa b\u00e1sica de juros (Selic). Definido pelo Banco Central (BC), o \u00edndice est\u00e1 em 13,75% ao ano \u2013 o mais alto do mundo.<\/p>\n<p>O protesto ocorreu da Candel\u00e1ria at\u00e9 a sede do BC, na Avenida Presidente Vargas, foi promovido pela\u00a0Central \u00danica dos Trabalhadores (CUT) e demais centrais sindicais.<\/p>\n<p>O tema dos juros no Brasil \u00e9 central para o governo Luiz In\u00e1cio Lula da Silva (PT), que vem criticando duramente a manuten\u00e7\u00e3o do patamar elevado.<\/p>\n<p>Pela manh\u00e3, tamb\u00e9m ocorreu um tuita\u00e7o, onde a hashtag #JurosBaixosJ\u00e1 ficou entre os assuntos mais comentados.<\/p>\n<p><em>*confira mais fotos em nossas redes sociais\u00a0<\/em><\/p>\n","protected":false},"excerpt":{"rendered":"<p>O Sindicato dos Banc\u00e1rios da Baixada Fluminense esteve presente, nesta \u00faltima ter\u00e7a-feira, 21 de mar\u00e7o, no Centro do Rio de Janeiro, ao ato\u00a0que exigia a\u00a0redu\u00e7\u00e3o da taxa b\u00e1sica de juros (Selic). Definido pelo Banco Central (BC), o \u00edndice est\u00e1 em 13,75% ao ano \u2013 o mais alto do mundo. O protesto ocorreu da Candel\u00e1ria at\u00e9 [&hellip;]<\/p>\n","protected":false},"author":2,"featured_media":13857,"comment_status":"","ping_status":"","sticky":false,"template":"","format":"standard","meta":{"footnotes":""},"categories":[3],"tags":[],"class_list":["post-13858","post","type-post","status-publish","format-standard","has-post-thumbnail","hentry","category-noticias"],"_links":{"self":[{"href":"https:\/\/hostnetart.com.br\/baixada\/wp-json\/wp\/v2\/posts\/13858","targetHints":{"allow":["GET"]}}],"collection":[{"href":"https:\/\/hostnetart.com.br\/baixada\/wp-json\/wp\/v2\/posts"}],"about":[{"href":"https:\/\/hostnetart.com.br\/baixada\/wp-json\/wp\/v2\/types\/post"}],"author":[{"embeddable":true,"href":"https:\/\/hostnetart.com.br\/baixada\/wp-json\/wp\/v2\/users\/2"}],"replies":[{"embeddable":true,"href":"https:\/\/hostnetart.com.br\/baixada\/wp-json\/wp\/v2\/comments?post=13858"}],"version-history":[{"count":0,"href":"https:\/\/hostnetart.com.br\/baixada\/wp-json\/wp\/v2\/posts\/13858\/revisions"}],"wp:featuredmedia":[{"embeddable":true,"href":"https:\/\/hostnetart.com.br\/baixada\/wp-json\/wp\/v2\/media\/13857"}],"wp:attachment":[{"href":"https:\/\/hostnetart.com.br\/baixada\/wp-json\/wp\/v2\/media?parent=13858"}],"wp:term":[{"taxonomy":"category","embeddable":true,"href":"https:\/\/hostnetart.com.br\/baixada\/wp-json\/wp\/v2\/categories?post=13858"},{"taxonomy":"post_tag","embeddable":true,"href":"https:\/\/hostnetart.com.br\/baixada\/wp-json\/wp\/v2\/tags?post=13858"}],"curies":[{"name":"wp","href":"https:\/\/api.w.org\/{rel}","templated":true}]}}