{"id":13850,"date":"2023-03-21T14:04:00","date_gmt":"2023-03-21T17:04:00","guid":{"rendered":"https:\/\/hostnetart.com.br\/baixada\/cut-chama-todos-para-atos-contra-juros-altos-nesta-terca-21\/"},"modified":"2023-03-21T14:04:00","modified_gmt":"2023-03-21T17:04:00","slug":"cut-chama-todos-para-atos-contra-juros-altos-nesta-terca-21","status":"publish","type":"post","link":"https:\/\/hostnetart.com.br\/baixada\/cut-chama-todos-para-atos-contra-juros-altos-nesta-terca-21\/","title":{"rendered":"CUT chama todos para atos contra juros altos nesta ter\u00e7a (21)"},"content":{"rendered":"<p>A Central \u00danica dos Trabalhadores (CUT) est\u00e1 chamando trabalhadores e trabalhadoras e toda a sociedade brasileira para ir \u00e0s ruas, nesta ter\u00e7a-feira (21), exigir a redu\u00e7\u00e3o da taxa b\u00e1sica de juros (Selic). Definido pelo Banco Central (BC), o \u00edndice est\u00e1 em 13,75% ao ano \u2013 o mais alto do mundo. Veja abaixo todos os locais dos atos.<\/p>\n<p>Os juros altos favorecem apenas os mais ricos e parte da classe m\u00e9dia alta que tem algum dinheiro aplicado no sistema financeiro, explica o presidente nacional da CUT, S\u00e9rgio Nobre. \u201cOs protestos s\u00e3o fundamentais para pressionar a dire\u00e7\u00e3o do BC, comandada por Roberto Campos Neto, indicado por Jair Bolsonaro (PL), a baixar os juros que est\u00e3o travando o crescimento econ\u00f4mico, impedindo a gera\u00e7\u00e3o de empregos\u201d, completa.<\/p>\n<p>O presidente nacional da CUT observa que \u201ctodo mundo tem um amigo, um parente desempregado, e essa pen\u00faria que o trabalhador vem passando tem tudo a ver com os juros altos que impedem as empresas de investir e o pr\u00f3prio governo de promover programas sociais e fazer obras como abrir novas estradas, consertar as que precisam de reparos, entre outras que geram milhares de empregos\u201d.<\/p>\n<p>Os atos, que ocorrem no primeiro dia da reuni\u00e3o do Comit\u00ea de Pol\u00edtica Monet\u00e1ria (Copom), \u00f3rg\u00e3o ligado ao BC, para definir a Selic, s\u00e3o promovidos pela CUT e demais centrais sindicais \u2013 For\u00e7a Sindical, CTB, UGT, CSB, NCST, CSP Conlutas, Intersindical e A P\u00fablica, al\u00e9m dos movimentos populares Povo Sem Medo (PSM) e Frente Brasil Popular (FBP).<\/p>\n<h3><strong>Agenda dos atos<\/strong><\/h3>\n<p>Os atos ser\u00e3o em frente aos pr\u00e9dios do BC. Nas cidades onde a entidade n\u00e3o tem sede, as concentra\u00e7\u00f5es ser\u00e3o em locais de grande movimento.<\/p>\n<p><strong>Bel\u00e9m \u2013 PA<\/strong>: Boulevard Castilhos Fran\u00e7a, 708 \u2013 Campina, 9 horas.<\/p>\n<p><strong>Belo Horizonte \u2013 MG<\/strong>: Pra\u00e7a Sete, 11 horas.<\/p>\n<p><strong>Bras\u00edlia \u2013 DF<\/strong>: Setor Banc\u00e1rio Sul (SBS), Quadra 3, Bloco B, Edif\u00edcio Sede do BC, 12h30.<\/p>\n<p><strong>Curitiba \u2013 PR<\/strong>: Av. C\u00e2ndido de Abreu, 344 \u2013 Centro C\u00edvico, 11 horas.<\/p>\n<p><strong>Fortaleza \u2013 CE\u00a0<\/strong>: Av. Her\u00e1clito Gra\u00e7a, 273 \u2013 Centro, 9h30.<\/p>\n<p><strong>Porto Alegre \u2013 RS<\/strong>: Rua 7 de Setembro, 586 \u2013 Centro, 12 horas.<\/p>\n<p><strong>Rio de Janeiro \u2013 RJ<\/strong>: Concentra\u00e7\u00e3o na Candel\u00e1ria, caminhada at\u00e9 av. Presidente Vargas, 730, 17 horas.<\/p>\n<p><strong>Recife \u2013 PE<\/strong>: Av. Conde da Boa Vista, 785 \u2013 Boa Vista, 9 horas.<\/p>\n<p><strong>Salvador \u2013 BA<\/strong>: 1\u00aa avenida, 160 \u2013 Centro Administrativo da Bahia (CAB), 9 horas.<\/p>\n<p><strong>S\u00e3o Paulo \u2013 SP<\/strong>: Av. Paulista, 1.804 \u2013 Bela Vista, 10 horas.<\/p>\n<p>Fonte:\u00a0<a href=\"https:\/\/www.cut.org.br\/noticias\/todos-devem-ir-as-ruas-nesta-terca-contra-juros-altos-diz-presidente-da-cut-32a3\">CUT<\/a><\/p>\n","protected":false},"excerpt":{"rendered":"<p>A Central \u00danica dos Trabalhadores (CUT) est\u00e1 chamando trabalhadores e trabalhadoras e toda a sociedade brasileira para ir \u00e0s ruas, nesta ter\u00e7a-feira (21), exigir a redu\u00e7\u00e3o da taxa b\u00e1sica de juros (Selic). Definido pelo Banco Central (BC), o \u00edndice est\u00e1 em 13,75% ao ano \u2013 o mais alto do mundo. Veja abaixo todos os locais [&hellip;]<\/p>\n","protected":false},"author":2,"featured_media":13849,"comment_status":"","ping_status":"","sticky":false,"template":"","format":"standard","meta":{"footnotes":""},"categories":[3],"tags":[],"class_list":["post-13850","post","type-post","status-publish","format-standard","has-post-thumbnail","hentry","category-noticias"],"_links":{"self":[{"href":"https:\/\/hostnetart.com.br\/baixada\/wp-json\/wp\/v2\/posts\/13850","targetHints":{"allow":["GET"]}}],"collection":[{"href":"https:\/\/hostnetart.com.br\/baixada\/wp-json\/wp\/v2\/posts"}],"about":[{"href":"https:\/\/hostnetart.com.br\/baixada\/wp-json\/wp\/v2\/types\/post"}],"author":[{"embeddable":true,"href":"https:\/\/hostnetart.com.br\/baixada\/wp-json\/wp\/v2\/users\/2"}],"replies":[{"embeddable":true,"href":"https:\/\/hostnetart.com.br\/baixada\/wp-json\/wp\/v2\/comments?post=13850"}],"version-history":[{"count":0,"href":"https:\/\/hostnetart.com.br\/baixada\/wp-json\/wp\/v2\/posts\/13850\/revisions"}],"wp:featuredmedia":[{"embeddable":true,"href":"https:\/\/hostnetart.com.br\/baixada\/wp-json\/wp\/v2\/media\/13849"}],"wp:attachment":[{"href":"https:\/\/hostnetart.com.br\/baixada\/wp-json\/wp\/v2\/media?parent=13850"}],"wp:term":[{"taxonomy":"category","embeddable":true,"href":"https:\/\/hostnetart.com.br\/baixada\/wp-json\/wp\/v2\/categories?post=13850"},{"taxonomy":"post_tag","embeddable":true,"href":"https:\/\/hostnetart.com.br\/baixada\/wp-json\/wp\/v2\/tags?post=13850"}],"curies":[{"name":"wp","href":"https:\/\/api.w.org\/{rel}","templated":true}]}}