{"id":13848,"date":"2023-03-20T17:53:31","date_gmt":"2023-03-20T20:53:31","guid":{"rendered":"https:\/\/hostnetart.com.br\/baixada\/movimento-sindical-cobra-o-fim-das-demissoes-e-reivindica-mais-contratacoes-no-itau\/"},"modified":"2023-03-20T17:53:31","modified_gmt":"2023-03-20T20:53:31","slug":"movimento-sindical-cobra-o-fim-das-demissoes-e-reivindica-mais-contratacoes-no-itau","status":"publish","type":"post","link":"https:\/\/hostnetart.com.br\/baixada\/movimento-sindical-cobra-o-fim-das-demissoes-e-reivindica-mais-contratacoes-no-itau\/","title":{"rendered":"Movimento Sindical cobra o fim das demiss\u00f5es e reivindica mais contrata\u00e7\u00f5es no Ita\u00fa"},"content":{"rendered":"<p>A Comiss\u00e3o de Organiza\u00e7\u00e3o dos Empregados (COE) se reuniu, na quinta-feira (16), com a dire\u00e7\u00e3o do Ita\u00fa, no Centro Empresarial (Ceic), em S\u00e3o Paulo, para cobrar o fim das demiss\u00f5es, dos fechamentos das ag\u00eancias e mais contrata\u00e7\u00f5es.<\/p>\n<p>Depois do movimento sindical apresentar uma s\u00e9rie de den\u00fancias recebidas pelos sindicatos de todo o Brasil de que os banc\u00e1rios afetados nos fechamentos das ag\u00eancias n\u00e3o t\u00eam chance de nova oportunidade dentro do banco, o Ita\u00fa revelou os n\u00fameros do ano passado. Foram 239 ag\u00eancias fechadas, com 1971 trabalhadores envolvidos. Deste cen\u00e1rio, apenas 74% foram realocados, 8% pediram demiss\u00e3o ou aderiram ao PDV e 18% foram demitidos. Em 2023, j\u00e1 s\u00e3o 106 ag\u00eancias, com 1330 trabalhadores envolvidos.<\/p>\n<p>Os dirigentes sindicais presentes questionaram os n\u00fameros e o processo de realoca\u00e7\u00e3o, e solicitaram do banco a informa\u00e7\u00e3o sobre para onde foram estes funcion\u00e1rios. O banco se comprometeu a fazer um levantamento e apresentar, na pr\u00f3xima reuni\u00e3o, os locais de realoca\u00e7\u00e3o, para que o processo possa ser acompanhado.<\/p>\n<p>\u201cN\u00f3s queremos mais contrata\u00e7\u00f5es, principalmente, no varejo, pois quem ficou no banco est\u00e1 sempre sobrecarregado. Queremos tamb\u00e9m o fim do ass\u00e9dio moral, que aumentou muito com este cen\u00e1rio de inseguran\u00e7a gerado pelos fechamentos e demiss\u00f5es\u201d, afirmou Jair Alves, coordenador da COE Ita\u00fa.<\/p>\n<p>No encontro, foi debatida ainda a quest\u00e3o do adoecimento causado nos banc\u00e1rios quando tomam conhecimento sobre a desativa\u00e7\u00e3o de algum local de trabalho.<\/p>\n<p>O banco solicitou \u00e0 Contraf-CUT uma agenda para nos apresentar seu programa de diversidade e tamb\u00e9m debater sobre sa\u00fade e condi\u00e7\u00f5es de trabalho.<\/p>\n<p><strong>Fonte:\u00a0Contraf-CUT<\/strong><\/p>\n","protected":false},"excerpt":{"rendered":"<p>A Comiss\u00e3o de Organiza\u00e7\u00e3o dos Empregados (COE) se reuniu, na quinta-feira (16), com a dire\u00e7\u00e3o do Ita\u00fa, no Centro Empresarial (Ceic), em S\u00e3o Paulo, para cobrar o fim das demiss\u00f5es, dos fechamentos das ag\u00eancias e mais contrata\u00e7\u00f5es. Depois do movimento sindical apresentar uma s\u00e9rie de den\u00fancias recebidas pelos sindicatos de todo o Brasil de que [&hellip;]<\/p>\n","protected":false},"author":2,"featured_media":13847,"comment_status":"","ping_status":"","sticky":false,"template":"","format":"standard","meta":{"footnotes":""},"categories":[3],"tags":[],"class_list":["post-13848","post","type-post","status-publish","format-standard","has-post-thumbnail","hentry","category-noticias"],"_links":{"self":[{"href":"https:\/\/hostnetart.com.br\/baixada\/wp-json\/wp\/v2\/posts\/13848","targetHints":{"allow":["GET"]}}],"collection":[{"href":"https:\/\/hostnetart.com.br\/baixada\/wp-json\/wp\/v2\/posts"}],"about":[{"href":"https:\/\/hostnetart.com.br\/baixada\/wp-json\/wp\/v2\/types\/post"}],"author":[{"embeddable":true,"href":"https:\/\/hostnetart.com.br\/baixada\/wp-json\/wp\/v2\/users\/2"}],"replies":[{"embeddable":true,"href":"https:\/\/hostnetart.com.br\/baixada\/wp-json\/wp\/v2\/comments?post=13848"}],"version-history":[{"count":0,"href":"https:\/\/hostnetart.com.br\/baixada\/wp-json\/wp\/v2\/posts\/13848\/revisions"}],"wp:featuredmedia":[{"embeddable":true,"href":"https:\/\/hostnetart.com.br\/baixada\/wp-json\/wp\/v2\/media\/13847"}],"wp:attachment":[{"href":"https:\/\/hostnetart.com.br\/baixada\/wp-json\/wp\/v2\/media?parent=13848"}],"wp:term":[{"taxonomy":"category","embeddable":true,"href":"https:\/\/hostnetart.com.br\/baixada\/wp-json\/wp\/v2\/categories?post=13848"},{"taxonomy":"post_tag","embeddable":true,"href":"https:\/\/hostnetart.com.br\/baixada\/wp-json\/wp\/v2\/tags?post=13848"}],"curies":[{"name":"wp","href":"https:\/\/api.w.org\/{rel}","templated":true}]}}