{"id":13842,"date":"2023-03-17T03:39:47","date_gmt":"2023-03-17T06:39:47","guid":{"rendered":"https:\/\/hostnetart.com.br\/baixada\/crise-bancaria-internacional-pode-asfixiar-ainda-mais-o-credito-no-brasil-afirma-pochmann\/"},"modified":"2023-03-17T03:39:47","modified_gmt":"2023-03-17T06:39:47","slug":"crise-bancaria-internacional-pode-asfixiar-ainda-mais-o-credito-no-brasil-afirma-pochmann","status":"publish","type":"post","link":"https:\/\/hostnetart.com.br\/baixada\/crise-bancaria-internacional-pode-asfixiar-ainda-mais-o-credito-no-brasil-afirma-pochmann\/","title":{"rendered":"Crise banc\u00e1ria internacional pode \u2018asfixiar\u2019 ainda mais o cr\u00e9dito no Brasil, afirma Pochmann"},"content":{"rendered":"<p>De acordo com o economista Marcio\u00a0Pochmann, professor do Instituto de Economia da Universidade Estadual de Campinas (Unicamp), a amea\u00e7a de uma crise banc\u00e1ria internacional refor\u00e7a a necessidade de reduzir as taxas de juros no Brasil. Ele atribui a atual crise, que j\u00e1 arrastou dois bancos dos Estados Unidos, \u00e0 falta de regula\u00e7\u00e3o do sistema banc\u00e1rio naquele pa\u00eds. Al\u00e9m disso, tamb\u00e9m \u00e9 resultado do aumento da taxa de juros, que subiu o custo do dinheiro.<\/p>\n<p>Para Pochmann, ainda h\u00e1 risco de \u201ccontamina\u00e7\u00e3o em cadeia\u201d no sistema banc\u00e1rio internacional, e para a pr\u00f3pria economia mundial. Para evitar esse cen\u00e1rio, ele disse que os Bancos Centrais devem atuar, de maneira \u201cimediata\u201d para garantir a liquidez do sistema financeiro. No Brasil, segundo ele, seria fundamental reduzir as taxas de juros para aliviar o que ele classificou como \u201casfixia\u201d de cr\u00e9dito.<\/p>\n<p>Al\u00e9m disso, ele tamb\u00e9m criticou a autonomia do Banco Central brasileiro. \u201cA atual gest\u00e3o do Banco Central n\u00e3o consegue, por exemplo, cumprir a meta de infla\u00e7\u00e3o. Tivemos alguns esc\u00e2ndalos, inclusive cont\u00e1beis no pr\u00f3prio banco. O BC se apresenta sempre com pouca transpar\u00eancia e tem um v\u00ednculo muito estreito com o capital financeiro\u201d, em entrevista ao\u00a0<em><a href=\"https:\/\/www.youtube.com\/watch?v=OKRt6kPi6Hk\" target=\"_blank\" rel=\"noopener noreferrer\">Jornal PT Brasil<\/a><\/em>.<\/p>\n<p>Assim, ele se alinha ao presidente Luiz In\u00e1cio Lula da Silva, que vem pressionando pela redu\u00e7\u00e3o da taxa b\u00e1sica de juros \u2013 a Selic \u2013 fixada em 13,75% ao ano, desde agosto de 2022. Pochmann tamb\u00e9m aponta para uma poss\u00edvel redu\u00e7\u00e3o dos juros nos Estados Unidos, como forma de evitar o agravamento da crise banc\u00e1ria. Caso isso ocorra, as press\u00f5es sobre o presidente do BC,\u00a0<a href=\"https:\/\/www.redebrasilatual.com.br\/politica\/lula-volta-a-atacar-juros-e-diz-que-pais-nao-pode-ser-refem-de-campos-neto\/\" target=\"_blank\" rel=\"noopener noreferrer\">Roberto Campos Neto<\/a>, devem se ampliar ainda mais.<\/p>\n<h2>Contradi\u00e7\u00f5es do discurso liberal<\/h2>\n<p>Nesse sentido, o economista apontou as contradi\u00e7\u00f5es do discurso liberal em momentos de crise. S\u00e3o contra pol\u00edticas p\u00fablicas que beneficiam a maioria da popula\u00e7\u00e3o, mas n\u00e3o se furtam a recorrer aos cofres p\u00fablicos ao menor sinal de emerg\u00eancia. \u201c\u00c9 claro que o Estado tem que entrar para atuar, mas assim como ele entra para salvar banco ele, tamb\u00e9m precisa salvar a popula\u00e7\u00e3o\u201d, disse Pochmann<\/p>\n<p>Na \u00faltima sexta-feira (10), o\u00a0<a href=\"https:\/\/www.redebrasilatual.com.br\/economia\/iva-nao-vai-diminuir-arrecadacao-dos-municipios-diz-haddad-fui-prefeito-nao-vai-acontecer\/\" target=\"_blank\" rel=\"noopener noreferrer\">Silicon Valley Bank<\/a>\u00a0(SVB), dos Estados Unidos, que atuava financiando startups de tecnologia, entrou em colapso. O Federal Reserve (o banco central dos EUA) e o Tesouro\u00a0tiveram que intervir para garantir os dep\u00f3sitos banc\u00e1rios. No mesmo dia, tamb\u00e9m faliu o Signature Bank, especializado no fornecimento de servi\u00e7os banc\u00e1rios para escrit\u00f3rios de advocacia.<\/p>\n<p>A crise tamb\u00e9m chegou \u00e0 Europa. Ontem, as a\u00e7\u00f5es do Credit Suisse desabaram 24,24%, quando a institui\u00e7\u00e3o financeira informou ter identificado \u201cfragilidades\u201d em seus controles cont\u00e1beis. Como resposta, o Banco Central da Su\u00ed\u00e7a afirmou que vai oferecer suporte de liquidez ao banco. Hoje o Credit Suisse anunciou que vai tomar empr\u00e9stimos de at\u00e9 US$ 54 bilh\u00f5es do BC su\u00ed\u00e7o, acalmando os mercados.<\/p>\n<p><strong>Fonte: Rede Brasil Atual<\/strong><\/p>\n","protected":false},"excerpt":{"rendered":"<p>De acordo com o economista Marcio\u00a0Pochmann, professor do Instituto de Economia da Universidade Estadual de Campinas (Unicamp), a amea\u00e7a de uma crise banc\u00e1ria internacional refor\u00e7a a necessidade de reduzir as taxas de juros no Brasil. Ele atribui a atual crise, que j\u00e1 arrastou dois bancos dos Estados Unidos, \u00e0 falta de regula\u00e7\u00e3o do sistema banc\u00e1rio [&hellip;]<\/p>\n","protected":false},"author":2,"featured_media":13841,"comment_status":"","ping_status":"","sticky":false,"template":"","format":"standard","meta":{"footnotes":""},"categories":[3],"tags":[],"class_list":["post-13842","post","type-post","status-publish","format-standard","has-post-thumbnail","hentry","category-noticias"],"_links":{"self":[{"href":"https:\/\/hostnetart.com.br\/baixada\/wp-json\/wp\/v2\/posts\/13842","targetHints":{"allow":["GET"]}}],"collection":[{"href":"https:\/\/hostnetart.com.br\/baixada\/wp-json\/wp\/v2\/posts"}],"about":[{"href":"https:\/\/hostnetart.com.br\/baixada\/wp-json\/wp\/v2\/types\/post"}],"author":[{"embeddable":true,"href":"https:\/\/hostnetart.com.br\/baixada\/wp-json\/wp\/v2\/users\/2"}],"replies":[{"embeddable":true,"href":"https:\/\/hostnetart.com.br\/baixada\/wp-json\/wp\/v2\/comments?post=13842"}],"version-history":[{"count":0,"href":"https:\/\/hostnetart.com.br\/baixada\/wp-json\/wp\/v2\/posts\/13842\/revisions"}],"wp:featuredmedia":[{"embeddable":true,"href":"https:\/\/hostnetart.com.br\/baixada\/wp-json\/wp\/v2\/media\/13841"}],"wp:attachment":[{"href":"https:\/\/hostnetart.com.br\/baixada\/wp-json\/wp\/v2\/media?parent=13842"}],"wp:term":[{"taxonomy":"category","embeddable":true,"href":"https:\/\/hostnetart.com.br\/baixada\/wp-json\/wp\/v2\/categories?post=13842"},{"taxonomy":"post_tag","embeddable":true,"href":"https:\/\/hostnetart.com.br\/baixada\/wp-json\/wp\/v2\/tags?post=13842"}],"curies":[{"name":"wp","href":"https:\/\/api.w.org\/{rel}","templated":true}]}}