{"id":13840,"date":"2023-03-16T16:18:14","date_gmt":"2023-03-16T19:18:14","guid":{"rendered":"https:\/\/hostnetart.com.br\/baixada\/novos-membros-do-conselho-de-usuarios-do-saude-caixa-tomam-posse\/"},"modified":"2023-03-16T16:18:14","modified_gmt":"2023-03-16T19:18:14","slug":"novos-membros-do-conselho-de-usuarios-do-saude-caixa-tomam-posse","status":"publish","type":"post","link":"https:\/\/hostnetart.com.br\/baixada\/novos-membros-do-conselho-de-usuarios-do-saude-caixa-tomam-posse\/","title":{"rendered":"Novos membros do Conselho de Usu\u00e1rios do Sa\u00fade Caixa tomam posse"},"content":{"rendered":"<div class=\"elementor elementor-12262 elementor-location-single post-20860 post type-post status-publish format-standard has-post-thumbnail hentry category-ultimas-noticias\" data-elementor-type=\"single-post\" data-elementor-id=\"12262\" data-elementor-settings=\"[]\">\n<div class=\"elementor-section-wrap\">\n<section class=\"elementor-section elementor-top-section elementor-element elementor-element-e256549 elementor-section-boxed elementor-section-height-default elementor-section-height-default\" data-id=\"e256549\" data-element_type=\"section\" data-settings=\"{&quot;background_background&quot;:&quot;classic&quot;}\">\n<div class=\"elementor-container elementor-column-gap-default\">\n<div class=\"elementor-row\">\n<div class=\"elementor-column elementor-col-100 elementor-top-column elementor-element elementor-element-3aa54a3\" data-id=\"3aa54a3\" data-element_type=\"column\">\n<div class=\"elementor-column-wrap elementor-element-populated\">\n<div class=\"elementor-widget-wrap\">\n<div class=\"elementor-element elementor-element-43a09ee elementor-widget elementor-widget-theme-post-content\" data-id=\"43a09ee\" data-element_type=\"widget\" data-widget_type=\"theme-post-content.default\">\n<div class=\"elementor-widget-container\">\n<p>Os novos membros do Conselho de Usu\u00e1rios do Sa\u00fade Caixa (Cusc) tomaram posse nesta quarta-feira (15). Vencedora do pleito que aconteceu em janeiro com 71% dos votos, a Chapa 1 \u2013 \u201cMovimento pela Sa\u00fade\u201d ter\u00e1 mandato de 36 meses. Na reuni\u00e3o, os conselheiros eleitos, formados por representantes de todas as regi\u00f5es do pa\u00eds, reiteraram o compromisso com o Sa\u00fade Caixa e a defesa do plano para todos os empregados do banco p\u00fablico, sempre com o foco na sustentabilidade, efici\u00eancia e transpar\u00eancia.<\/p>\n<p>\u201cEspero que tenhamos aqui as melhorias que a gente tanto precisa. Estaremos sempre vigilantes\u201d, refor\u00e7ou Francisco Pugliesi, do Sindicato dos Banc\u00e1rios de S\u00e3o Paulo, Osasco e Regi\u00e3o e coordenador no Conselho. Ele disse que \u00e9 preciso enfatizar a luta de cada empregado para manter o Sa\u00fade Caixa e ressaltou o desafio que os usu\u00e1rios t\u00eam pela frente para derrubar a Resolu\u00e7\u00e3o 42 da Comiss\u00e3o Interministerial de Governan\u00e7a Corporativa e de Administra\u00e7\u00e3o de Participa\u00e7\u00f5es Societ\u00e1rias da Uni\u00e3o (CGPAR), uma heran\u00e7a do governo Bolsonaro.<\/p>\n<p>A\u00a0<a href=\"https:\/\/www.fenae.org.br\/portal\/fenae-portal\/resolucao-42-da-cgpar-preocupa-empregados-de-estatais.htm\" target=\"_blank\" rel=\"noopener noreferrer\">CGPAR 42 retoma a discuss\u00e3o sobre custeio de planos de sa\u00fade<\/a>\u00a0\u2013 a participa\u00e7\u00e3o da empresa estatal federal no custeio de planos de sa\u00fade n\u00e3o poder\u00e1 exceder a 50% da despesa. O assunto, que tamb\u00e9m estava na Resolu\u00e7\u00e3o 9 e \u00e9 um dos temas da CGPAR 23, j\u00e1 debatido no Congresso Nacional por meio do projeto da deputada Erika Kokay (PDL 342) que derrubou a CGPAR 23.<\/p>\n<p>Os conselheiros destacaram a grandeza do Sa\u00fade Caixa, mas reiteraram a reivindica\u00e7\u00e3o do olhar para o credenciamento de profissionais para o plano. Segundo os eleitos, cidades do interior s\u00e3o as que mais sentem dificuldade para encontrar profissionais que atendam ao Sa\u00fade Caixa. \u201cNossa proposta \u00e9 que tenha um Comit\u00ea Regional de credenciamento e descredenciamento e, assim, acompanhar mais de perto os problemas do Sa\u00fade Caixa\u201d, destacou Pugliese.<\/p>\n<p>Outra reivindica\u00e7\u00e3o dos conselheiros foi uma reuni\u00e3o extraordin\u00e1ria para avalia\u00e7\u00e3o do Relat\u00f3rio Atuarial do plano. A reuni\u00e3o j\u00e1 havia sido solicitada pela gest\u00e3o anterior, mas a Caixa respondeu que n\u00e3o haveria o encontro e enviou um e-mail aos conselheiros com respostas evasivas. Por esse motivo, os eleitos solicitaram novamente a reuni\u00e3o, al\u00e9m da necessidade de mais transpar\u00eancia nas informa\u00e7\u00f5es para que os eleitos consigam atuar com informa\u00e7\u00f5es consistentes. O Conselho de Usu\u00e1rios solicitou ainda que os membros anteriores possam participar da reuni\u00e3o como ouvintes.<\/p>\n<p>A Caixa destacou tamb\u00e9m que manter\u00e1 as reuni\u00f5es com associa\u00e7\u00f5es de aposentados para levar mais informa\u00e7\u00f5es a esse segmento, assim como as regras principais dos planos. O objetivo \u00e9 ouvir as d\u00favidas dos aposentados sobre o plano e poder sanar todas as d\u00favidas do p\u00fablico.<\/p>\n<p>No encontro, membros do Cusc informaram \u00e0 gest\u00e3o do Sa\u00fade Caixa que as cobran\u00e7as retroativas realizadas pelo plano est\u00e3o gerando d\u00favidas entre os usu\u00e1rios. Neste caso, \u00e9 fundamental que os usu\u00e1rios respondam \u00e0 Caixa, quando forem contatados, e busquem as informa\u00e7\u00f5es necess\u00e1rias para negociar o valor, resolver ou mesmo contestar as cobran\u00e7as.<\/p>\n<h3><strong>Calend\u00e1rio<\/strong><\/h3>\n<p>No encontro, tamb\u00e9m foi apresentado o cronograma de reuni\u00f5es de 2023. O Cusc se re\u00fane trimestralmente. Todas as reuni\u00f5es acontecer\u00e3o das 9h \u00e0s 13h.<\/p>\n<p>1\u00aa reuni\u00e3o \u2013 15 de mar\u00e7o<br \/>2\u00aa reuni\u00e3o \u2013 28 de junho<br \/>3\u00aa reuni\u00e3o \u2013 20 de setembro<br \/>4\u00aa reuni\u00e3o \u2013 6 de dezembro<\/p>\n<h3><strong>Os Conselheiros<\/strong><\/h3>\n<p><strong>Titulares<br \/><\/strong>Francisco Carlos Pugliesi (ativo)<br \/>Rafael Mesquita Rodrigues da Cunha (ativo)<br \/>Humberto Passos Coelho (ativo)<br \/>Jos\u00e9 Zani Carrascosa (aposentado)<br \/>Marcia Boiczuck Lacerda Krambeck (aposentada)<\/p>\n<p><strong>Suplentes<\/strong><br \/>Antonio Sancho De Carvalho Ara\u00fajo Filho (aposentado)<br \/>Adeir Jos\u00e9 da Silva (aposentado)<br \/>Claudio Jos\u00e9 Teixeira Cerqueira (ativo)<br \/>Marcos Roberto Meneguello Pereira (ativo)<br \/>Leila Aparecida Costa (aposentada)<\/p>\n<h3><strong>O que \u00e9 o Cusc<\/strong><\/h3>\n<p>O Cusc foi criado em 2003 e tornou-se importante instrumento de transpar\u00eancia e acompanhamento da gest\u00e3o financeira e administrativa do Sa\u00fade Caixa.\u00a0O f\u00f3rum \u00e9 composto por cinco membros eleitos pelos participantes e por outros cinco indicados pela Caixa, al\u00e9m de seus respectivos suplentes. O mandato \u00e9 de 36 meses.<\/p>\n<p>Fonte:\u00a0<a href=\"https:\/\/www.fenae.org.br\/portal\/fenae-portal\/novos-membros-do-conselho-de-usuarios-do-saude-caixa-tomam-posse.htm\" target=\"_blank\" rel=\"noopener noreferrer\">Fenae<\/a><\/p>\n<\/div>\n<\/div>\n<\/div>\n<\/div>\n<\/div>\n<\/div>\n<\/div>\n<\/section>\n<\/div>\n<\/div>\n<div class=\"elementor elementor-12132 elementor-location-footer\" data-elementor-type=\"footer\" data-elementor-id=\"12132\" data-elementor-settings=\"[]\">\u00a0<\/div>\n<p>\u00a0<\/p>\n","protected":false},"excerpt":{"rendered":"<p>Os novos membros do Conselho de Usu\u00e1rios do Sa\u00fade Caixa (Cusc) tomaram posse nesta quarta-feira (15). Vencedora do pleito que aconteceu em janeiro com 71% dos votos, a Chapa 1 \u2013 \u201cMovimento pela Sa\u00fade\u201d ter\u00e1 mandato de 36 meses. Na reuni\u00e3o, os conselheiros eleitos, formados por representantes de todas as regi\u00f5es do pa\u00eds, reiteraram o [&hellip;]<\/p>\n","protected":false},"author":2,"featured_media":13839,"comment_status":"","ping_status":"","sticky":false,"template":"","format":"standard","meta":{"footnotes":""},"categories":[3],"tags":[],"class_list":["post-13840","post","type-post","status-publish","format-standard","has-post-thumbnail","hentry","category-noticias"],"_links":{"self":[{"href":"https:\/\/hostnetart.com.br\/baixada\/wp-json\/wp\/v2\/posts\/13840","targetHints":{"allow":["GET"]}}],"collection":[{"href":"https:\/\/hostnetart.com.br\/baixada\/wp-json\/wp\/v2\/posts"}],"about":[{"href":"https:\/\/hostnetart.com.br\/baixada\/wp-json\/wp\/v2\/types\/post"}],"author":[{"embeddable":true,"href":"https:\/\/hostnetart.com.br\/baixada\/wp-json\/wp\/v2\/users\/2"}],"replies":[{"embeddable":true,"href":"https:\/\/hostnetart.com.br\/baixada\/wp-json\/wp\/v2\/comments?post=13840"}],"version-history":[{"count":0,"href":"https:\/\/hostnetart.com.br\/baixada\/wp-json\/wp\/v2\/posts\/13840\/revisions"}],"wp:featuredmedia":[{"embeddable":true,"href":"https:\/\/hostnetart.com.br\/baixada\/wp-json\/wp\/v2\/media\/13839"}],"wp:attachment":[{"href":"https:\/\/hostnetart.com.br\/baixada\/wp-json\/wp\/v2\/media?parent=13840"}],"wp:term":[{"taxonomy":"category","embeddable":true,"href":"https:\/\/hostnetart.com.br\/baixada\/wp-json\/wp\/v2\/categories?post=13840"},{"taxonomy":"post_tag","embeddable":true,"href":"https:\/\/hostnetart.com.br\/baixada\/wp-json\/wp\/v2\/tags?post=13840"}],"curies":[{"name":"wp","href":"https:\/\/api.w.org\/{rel}","templated":true}]}}