{"id":13838,"date":"2023-03-16T16:18:09","date_gmt":"2023-03-16T19:18:09","guid":{"rendered":"https:\/\/hostnetart.com.br\/baixada\/reuniao-do-coletivo-nacional-de-formacao-debateu-a-importancia-da-formacao-politica-para-a-luta-dos-trabalhadores-2\/"},"modified":"2023-03-16T16:18:09","modified_gmt":"2023-03-16T19:18:09","slug":"reuniao-do-coletivo-nacional-de-formacao-debateu-a-importancia-da-formacao-politica-para-a-luta-dos-trabalhadores-2","status":"publish","type":"post","link":"https:\/\/hostnetart.com.br\/baixada\/reuniao-do-coletivo-nacional-de-formacao-debateu-a-importancia-da-formacao-politica-para-a-luta-dos-trabalhadores-2\/","title":{"rendered":"Reuni\u00e3o do Coletivo Nacional de Forma\u00e7\u00e3o debateu a import\u00e2ncia da forma\u00e7\u00e3o pol\u00edtica para a luta dos trabalhadores"},"content":{"rendered":"<p>O Coletivo Nacional de Forma\u00e7\u00e3o da Confedera\u00e7\u00e3o Nacional dos Trabalhadores do Ramo Financeiro (Contraf-CUT) se reuniu, na tarde de ter\u00e7a-feira (14), e debateu, entre outros temas, a necessidade da realiza\u00e7\u00e3o de um novo senso nacional sobre o tema, que diagnosticar\u00e1 a situa\u00e7\u00e3o da forma\u00e7\u00e3o banc\u00e1ria no ramo financeiro.<\/p>\n<p>Elizabeth Paradela, Diretora do Sindicato dos Banc\u00e1rios da Baixada Fluminense, representou\u00a0a entidade na reuni\u00e3o.<\/p>\n<p>A proposta \u00e9 que a pesquisa seja respondida pelos secret\u00e1rios de forma\u00e7\u00e3o, com o intuito de balizar o planejamento e a execu\u00e7\u00e3o das a\u00e7\u00f5es formativas conjuntas da Contraf-CUT, federa\u00e7\u00f5es e sindicatos. \u201cA forma\u00e7\u00e3o sindical e pol\u00edtica \u00e9 fundamental na luta dos trabalhadores. H\u00e1 uma constante disputa ideol\u00f3gica em nossa sociedade, na qual as grandes corpora\u00e7\u00f5es utilizam todo o seu poder para propagar principalmente a vis\u00e3o neoliberal. O objetivo principal do coletivo nacional de forma\u00e7\u00e3o \u00e9 debater, planejar, executar e avaliar a\u00e7\u00f5es de forma\u00e7\u00e3o que fortale\u00e7am a vis\u00e3o classista e ajudem na unidade dos trabalhadores\u201d, afirmou Rafael Zanon, secret\u00e1rio de Forma\u00e7\u00e3o da Contraf-CUT.<\/p>\n<p>Houve ainda o debate sobre a realiza\u00e7\u00e3o de cursos de forma\u00e7\u00e3o pol\u00edtica nas Federa\u00e7\u00f5es, em parceria com a Confedera\u00e7\u00e3o, voltados para os novos dirigentes. Na reuni\u00e3o tamb\u00e9m foram destacados temas como a necessidade de um programa de forma\u00e7\u00e3o pol\u00edtica permanente diante de uma conjuntura bastante complexa e a necessidade de forma\u00e7\u00e3o focada na comunica\u00e7\u00e3o classista, voltada para dirigentes e lideran\u00e7as.<\/p>\n<p>Outros pontos enfatizados no encontro foram a import\u00e2ncia de a\u00e7\u00f5es formativas voltadas para a nova realidade digital e a import\u00e2ncia da \u00e1rea de forma\u00e7\u00e3o e comunica\u00e7\u00e3o das entidades andarem juntas. Tamb\u00e9m foi iniciado um debate sobre a quest\u00e3o da forma\u00e7\u00e3o profissional nos sindicatos e levantados temas e eixos priorit\u00e1rios para realiza\u00e7\u00e3o de atividades formativas, tais como a quest\u00e3o dos juros, a reforma tribut\u00e1ria, a quest\u00e3o da d\u00edvida p\u00fablica, os pre\u00e7os dos combust\u00edveis e a soberania energ\u00e9tica.<\/p>\n<p>O encontro contou com um informe sobre o curso de transforma\u00e7\u00e3o do sistema financeiro, promovido pela Faculdade 28 de agosto, com inscri\u00e7\u00f5es abertas.<\/p>\n<p>A pr\u00f3xima reuni\u00e3o ordin\u00e1ria do Coletivo Nacional de Forma\u00e7\u00e3o ficou prevista para o dia 19 de abril.<\/p>\n<p><strong>Fonte: Contraf-CUT<\/strong><\/p>\n","protected":false},"excerpt":{"rendered":"<p>O Coletivo Nacional de Forma\u00e7\u00e3o da Confedera\u00e7\u00e3o Nacional dos Trabalhadores do Ramo Financeiro (Contraf-CUT) se reuniu, na tarde de ter\u00e7a-feira (14), e debateu, entre outros temas, a necessidade da realiza\u00e7\u00e3o de um novo senso nacional sobre o tema, que diagnosticar\u00e1 a situa\u00e7\u00e3o da forma\u00e7\u00e3o banc\u00e1ria no ramo financeiro. Elizabeth Paradela, Diretora do Sindicato dos Banc\u00e1rios [&hellip;]<\/p>\n","protected":false},"author":2,"featured_media":13837,"comment_status":"","ping_status":"","sticky":false,"template":"","format":"standard","meta":{"footnotes":""},"categories":[3],"tags":[],"class_list":["post-13838","post","type-post","status-publish","format-standard","has-post-thumbnail","hentry","category-noticias"],"_links":{"self":[{"href":"https:\/\/hostnetart.com.br\/baixada\/wp-json\/wp\/v2\/posts\/13838","targetHints":{"allow":["GET"]}}],"collection":[{"href":"https:\/\/hostnetart.com.br\/baixada\/wp-json\/wp\/v2\/posts"}],"about":[{"href":"https:\/\/hostnetart.com.br\/baixada\/wp-json\/wp\/v2\/types\/post"}],"author":[{"embeddable":true,"href":"https:\/\/hostnetart.com.br\/baixada\/wp-json\/wp\/v2\/users\/2"}],"replies":[{"embeddable":true,"href":"https:\/\/hostnetart.com.br\/baixada\/wp-json\/wp\/v2\/comments?post=13838"}],"version-history":[{"count":0,"href":"https:\/\/hostnetart.com.br\/baixada\/wp-json\/wp\/v2\/posts\/13838\/revisions"}],"wp:featuredmedia":[{"embeddable":true,"href":"https:\/\/hostnetart.com.br\/baixada\/wp-json\/wp\/v2\/media\/13837"}],"wp:attachment":[{"href":"https:\/\/hostnetart.com.br\/baixada\/wp-json\/wp\/v2\/media?parent=13838"}],"wp:term":[{"taxonomy":"category","embeddable":true,"href":"https:\/\/hostnetart.com.br\/baixada\/wp-json\/wp\/v2\/categories?post=13838"},{"taxonomy":"post_tag","embeddable":true,"href":"https:\/\/hostnetart.com.br\/baixada\/wp-json\/wp\/v2\/tags?post=13838"}],"curies":[{"name":"wp","href":"https:\/\/api.w.org\/{rel}","templated":true}]}}