{"id":13824,"date":"2023-03-14T15:00:23","date_gmt":"2023-03-14T18:00:23","guid":{"rendered":"https:\/\/hostnetart.com.br\/baixada\/fukunaga-e-destaque-no-valor-economico\/"},"modified":"2023-03-14T15:00:23","modified_gmt":"2023-03-14T18:00:23","slug":"fukunaga-e-destaque-no-valor-economico","status":"publish","type":"post","link":"https:\/\/hostnetart.com.br\/baixada\/fukunaga-e-destaque-no-valor-economico\/","title":{"rendered":"Fukunaga \u00e9 destaque no Valor Econ\u00f4mico"},"content":{"rendered":"<p>O jornal\u00a0<a href=\"https:\/\/valor.globo.com\/financas\/noticia\/2023\/03\/13\/exclusivo-novo-presidente-da-previ-defende-governanca-da-fundacao.ghtml\"><em>Valor Econ\u00f4mico<\/em><\/a>\u00a0publicou, nesta segunda-feira (13), uma extensa reportagem sobre o novo presidente do fundo de pens\u00e3o dos funcion\u00e1rios do Banco do Brasil (BB), a Previ, Jo\u00e3o Fukunaga. A mat\u00e9ria parte de \u201cuma defesa enf\u00e1tica da governan\u00e7a da funda\u00e7\u00e3o em um encontro (\u2026) com entidades vinculadas ao banco\u201d, feita por Fukunaga. Segundo o jornal, o administrador aproveitou o evento para apresentar sua capacidade de gerir o fundo, o maior plano previdenci\u00e1rio do BB, que tem mais de R$ 240 bilh\u00f5es em ativos e \u00e9 grande investidor no pa\u00eds.<\/p>\n<p>Fukunaga ressaltou sua experi\u00eancia na trajet\u00f3ria de luta no movimento sindical dos banc\u00e1rios. \u201cNesse per\u00edodo, desenvolvi e exerci minhas habilidades com gest\u00e3o de pessoas e de projetos, em que usei a minha capacidade de negocia\u00e7\u00e3o na interlocu\u00e7\u00e3o com diretores e altos executivos do setor financeiro, tanto no Brasil quanto no exterior. Isso me deu uma ampla experi\u00eancia em lideran\u00e7a de equipes, al\u00e9m de ter de desenvolver uma s\u00f3lida capacidade para defender os anseios dos associados\u201d, afirmou, em passagem destacada pelo di\u00e1rio.<\/p>\n<p>Ele afirmou que para \u201cgarantir o pagamento de benef\u00edcios a todos n\u00f3s, associados, de forma eficiente, segura e sustent\u00e1vel\u201d, a Previ tem uma \u201crobusta e reconhecida\u201d governan\u00e7a, que, conforme o\u00a0<em>Valor<\/em>, \u00e9 uma \u201crefer\u00eancia no segmento de fundos de pens\u00e3o\u201d. No evento, Fukunaga disse que a funda\u00e7\u00e3o tem \u201c119 anos de experi\u00eancia e de solidez, desenvolvidos em um sistema que respeita a tradi\u00e7\u00e3o, mas com um olhar constante na inova\u00e7\u00e3o e no futuro. \u00c9 uma constru\u00e7\u00e3o fortalecida diariamente, com regras claras, processos e \u2018compliance\u2019(\u2026)\u201d. O gestor garantiu que trabalhar\u00e1 para que \u201ca governan\u00e7a da Previ seja cada vez mais aprimorada, para garantir que o futuro de todos os associados seja preservado\u201d.<\/p>\n<p>Em 2022, a Previ apresentou super\u00e1vit de R$ 5,6 bilh\u00f5es no Plano 1 (benef\u00edcio definido da institui\u00e7\u00e3o, com rentabilidade de 13,5% no ano), R$ 241 bilh\u00f5es em ativos totais e um recorde no pagamento de benef\u00edcios de R$ 15,6 bilh\u00f5es. No Previ Futuro (de contribui\u00e7\u00e3o vari\u00e1vel e R$ 26 bilh\u00f5es em ativos), todos os perfis de investimentos tiveram rentabilidade positiva, com destaque para o conservador, com 8,4%.<\/p>\n<p>A publica\u00e7\u00e3o conta que Fukunaga afirmou que foi indicado ao cargo pelo patrocinador, o BB. O executivo tamb\u00e9m comentou o fato de o BB ter a primeira mulher presidenta, Tarciana Medeiros. \u201cTarciana \u00e9 uma prova de que as mulheres podem e devem ocupar o espa\u00e7o que desejarem. Que o topo \u00e9 aonde elas quiserem chegar. E, para isso, est\u00e1 implementando uma pol\u00edtica de diversidade e equidade efetiva, que ter\u00e1 eco na Previ. Aqui, assim como no Banco do Brasil, n\u00e3o teremos toler\u00e2ncia com ass\u00e9dio e preconceito de qualquer tipo\u201d, garantiu.<\/p>\n<h3>Movimento sindical presente<\/h3>\n<p>A Confedera\u00e7\u00e3o Nacional dos Trabalhadores do Ramo Financeiro (Contraf-CUT) e a Comiss\u00e3o de Empressa dos Funcion\u00e1rios do Banco do Brasil marcaram presen\u00e7a no evento. \u201c\u00c9 muito salutar a nossa presen\u00e7a aqui, neste momento t\u00e3o especial, no qual n\u00e3o s\u00f3 os eleitos da Previ est\u00e3o defendendo o patrim\u00f4nio dos funcion\u00e1rio do Banco do Brasil, mas tamb\u00e9m o novo presidente da caixa de assist\u00eancia, que \u00e9 egresso do movimento sindical. Uma pessoa que est\u00e1 acostumada a defender os interesses dos associados do plano. Por isso, tenho certeza de que este resultado positivo da previ, ser\u00e1 a marca registrada da gest\u00e3o do Fukunaga\u201d, garante Gustavo Tabatinga Jr., secret\u00e1rio-geral da Contraf-CUT.<\/p>\n<p><strong>Fonte: Contraf-CUT<\/strong><\/p>\n","protected":false},"excerpt":{"rendered":"<p>O jornal\u00a0Valor Econ\u00f4mico\u00a0publicou, nesta segunda-feira (13), uma extensa reportagem sobre o novo presidente do fundo de pens\u00e3o dos funcion\u00e1rios do Banco do Brasil (BB), a Previ, Jo\u00e3o Fukunaga. A mat\u00e9ria parte de \u201cuma defesa enf\u00e1tica da governan\u00e7a da funda\u00e7\u00e3o em um encontro (\u2026) com entidades vinculadas ao banco\u201d, feita por Fukunaga. Segundo o jornal, o [&hellip;]<\/p>\n","protected":false},"author":2,"featured_media":13823,"comment_status":"","ping_status":"","sticky":false,"template":"","format":"standard","meta":{"footnotes":""},"categories":[3],"tags":[],"class_list":["post-13824","post","type-post","status-publish","format-standard","has-post-thumbnail","hentry","category-noticias"],"_links":{"self":[{"href":"https:\/\/hostnetart.com.br\/baixada\/wp-json\/wp\/v2\/posts\/13824","targetHints":{"allow":["GET"]}}],"collection":[{"href":"https:\/\/hostnetart.com.br\/baixada\/wp-json\/wp\/v2\/posts"}],"about":[{"href":"https:\/\/hostnetart.com.br\/baixada\/wp-json\/wp\/v2\/types\/post"}],"author":[{"embeddable":true,"href":"https:\/\/hostnetart.com.br\/baixada\/wp-json\/wp\/v2\/users\/2"}],"replies":[{"embeddable":true,"href":"https:\/\/hostnetart.com.br\/baixada\/wp-json\/wp\/v2\/comments?post=13824"}],"version-history":[{"count":0,"href":"https:\/\/hostnetart.com.br\/baixada\/wp-json\/wp\/v2\/posts\/13824\/revisions"}],"wp:featuredmedia":[{"embeddable":true,"href":"https:\/\/hostnetart.com.br\/baixada\/wp-json\/wp\/v2\/media\/13823"}],"wp:attachment":[{"href":"https:\/\/hostnetart.com.br\/baixada\/wp-json\/wp\/v2\/media?parent=13824"}],"wp:term":[{"taxonomy":"category","embeddable":true,"href":"https:\/\/hostnetart.com.br\/baixada\/wp-json\/wp\/v2\/categories?post=13824"},{"taxonomy":"post_tag","embeddable":true,"href":"https:\/\/hostnetart.com.br\/baixada\/wp-json\/wp\/v2\/tags?post=13824"}],"curies":[{"name":"wp","href":"https:\/\/api.w.org\/{rel}","templated":true}]}}