{"id":13812,"date":"2023-03-13T11:51:59","date_gmt":"2023-03-13T14:51:59","guid":{"rendered":"https:\/\/hostnetart.com.br\/baixada\/bancarios-retomam-mesa-de-igualdade-de-oportunidades-com-a-fenaban\/"},"modified":"2023-03-13T11:51:59","modified_gmt":"2023-03-13T14:51:59","slug":"bancarios-retomam-mesa-de-igualdade-de-oportunidades-com-a-fenaban","status":"publish","type":"post","link":"https:\/\/hostnetart.com.br\/baixada\/bancarios-retomam-mesa-de-igualdade-de-oportunidades-com-a-fenaban\/","title":{"rendered":"Banc\u00e1rios retomam mesa de Igualdade de Oportunidades com a Fenaban"},"content":{"rendered":"<p>O Comando Nacional dos Banc\u00e1rios se reunir\u00e1 na pr\u00f3xima ter\u00e7a (14), \u00e0s 14h, com a Federa\u00e7\u00e3o Nacional dos Bancos (Fenaban) para discutir o tema de Igualdade de Oportunidades, com destaque para quest\u00f5es relativas \u00e0s mulheres.<\/p>\n<p>\u201cQueremos avan\u00e7ar no debate para a implementa\u00e7\u00e3o de a\u00e7\u00f5es de combate \u00e0 viol\u00eancia no ambiente de trabalho e na igualdade salarial\u201d, destaca a Secret\u00e1ria da Mulher da Confedera\u00e7\u00e3o Nacional dos Trabalhadores do Ramo Financeiro (Contraf-CUT), Fernanda Lopes. Ela lembra que, entre as conquistas obtidas pela categoria banc\u00e1ria na Conven\u00e7\u00e3o Coletiva de Trabalho (CCT), est\u00e3o a cria\u00e7\u00e3o de duas cl\u00e1usulas: uma, em 2010, para a instala\u00e7\u00e3o de canais de combate ao ass\u00e9dio moral e outra, no ano passado, de combate ao ass\u00e9dio sexual.<\/p>\n<p>A coordenadora do Comando Nacional dos Banc\u00e1rios e presidenta da Contraf-CUT, Juvandia Moreira, completa que os trabalhadores querem que os bancos apresentem na mesa \u201cas propostas para a implementa\u00e7\u00e3o dos canais, onde ainda n\u00e3o foram implementados, e a cria\u00e7\u00e3o dos mesmos, onde ainda n\u00e3o existem\u201d.<\/p>\n<p>Ela ressalta que, al\u00e9m do momento oportuno, por se tratar do m\u00eas de mar\u00e7o, a decis\u00e3o do governo federal de anunciar, no Dia Internacional da Mulher, um pacote com uma s\u00e9rie de medidas pela igualdade de g\u00eanero, aumenta ainda mais a urg\u00eancia de avan\u00e7os na mesa de negocia\u00e7\u00f5es. \u201cOs bancos t\u00eam a oportunidade de fazer a diferen\u00e7a no mercado de trabalho, se cumprirem as demandas, constru\u00eddas pelos trabalhadores, e que est\u00e3o em linha com a sociedade que todos n\u00f3s queremos\u201d, completa.<\/p>\n<p>Sobre as medidas anunciadas pelo governo Lula, em 8 de mar\u00e7o, Fernanda Lopes observa que tr\u00eas, em especial, est\u00e3o relacionadas com pautas da categoria banc\u00e1ria: \u201ccomo o projeto de lei que obriga igualdade salarial entre homens e mulheres, que exercem a mesma fun\u00e7\u00e3o; o envio ao Congresso de uma proposta, pelo presidente da Rep\u00fablica, para que o Brasil ratifique a Conven\u00e7\u00e3o 190, sobre elimina\u00e7\u00e3o da viol\u00eancia e do ass\u00e9dio no mundo do trabalho; e a oferta de cr\u00e9dito, por meio de bancos p\u00fablicos, a juros reduzidos para empreendedoras\u201d, conclui.<\/p>\n<p><strong>Fonte: Contraf-CUT<\/strong><\/p>\n","protected":false},"excerpt":{"rendered":"<p>O Comando Nacional dos Banc\u00e1rios se reunir\u00e1 na pr\u00f3xima ter\u00e7a (14), \u00e0s 14h, com a Federa\u00e7\u00e3o Nacional dos Bancos (Fenaban) para discutir o tema de Igualdade de Oportunidades, com destaque para quest\u00f5es relativas \u00e0s mulheres. \u201cQueremos avan\u00e7ar no debate para a implementa\u00e7\u00e3o de a\u00e7\u00f5es de combate \u00e0 viol\u00eancia no ambiente de trabalho e na igualdade [&hellip;]<\/p>\n","protected":false},"author":2,"featured_media":13811,"comment_status":"","ping_status":"","sticky":false,"template":"","format":"standard","meta":{"footnotes":""},"categories":[3],"tags":[],"class_list":["post-13812","post","type-post","status-publish","format-standard","has-post-thumbnail","hentry","category-noticias"],"_links":{"self":[{"href":"https:\/\/hostnetart.com.br\/baixada\/wp-json\/wp\/v2\/posts\/13812","targetHints":{"allow":["GET"]}}],"collection":[{"href":"https:\/\/hostnetart.com.br\/baixada\/wp-json\/wp\/v2\/posts"}],"about":[{"href":"https:\/\/hostnetart.com.br\/baixada\/wp-json\/wp\/v2\/types\/post"}],"author":[{"embeddable":true,"href":"https:\/\/hostnetart.com.br\/baixada\/wp-json\/wp\/v2\/users\/2"}],"replies":[{"embeddable":true,"href":"https:\/\/hostnetart.com.br\/baixada\/wp-json\/wp\/v2\/comments?post=13812"}],"version-history":[{"count":0,"href":"https:\/\/hostnetart.com.br\/baixada\/wp-json\/wp\/v2\/posts\/13812\/revisions"}],"wp:featuredmedia":[{"embeddable":true,"href":"https:\/\/hostnetart.com.br\/baixada\/wp-json\/wp\/v2\/media\/13811"}],"wp:attachment":[{"href":"https:\/\/hostnetart.com.br\/baixada\/wp-json\/wp\/v2\/media?parent=13812"}],"wp:term":[{"taxonomy":"category","embeddable":true,"href":"https:\/\/hostnetart.com.br\/baixada\/wp-json\/wp\/v2\/categories?post=13812"},{"taxonomy":"post_tag","embeddable":true,"href":"https:\/\/hostnetart.com.br\/baixada\/wp-json\/wp\/v2\/tags?post=13812"}],"curies":[{"name":"wp","href":"https:\/\/api.w.org\/{rel}","templated":true}]}}