{"id":13810,"date":"2023-03-13T11:45:37","date_gmt":"2023-03-13T14:45:37","guid":{"rendered":"https:\/\/hostnetart.com.br\/baixada\/bb-agendada-primeira-reuniao-do-ano-sobre-teletrabalho\/"},"modified":"2023-03-13T11:45:37","modified_gmt":"2023-03-13T14:45:37","slug":"bb-agendada-primeira-reuniao-do-ano-sobre-teletrabalho","status":"publish","type":"post","link":"https:\/\/hostnetart.com.br\/baixada\/bb-agendada-primeira-reuniao-do-ano-sobre-teletrabalho\/","title":{"rendered":"BB: agendada primeira reuni\u00e3o do ano sobre teletrabalho"},"content":{"rendered":"<p>A Comiss\u00e3o de Empresa dos Funcion\u00e1rios do Banco do Brasil (CEBB) e o banco realizam, na pr\u00f3xima segunda-feira (13), a primeira mesa de teletrabalho do ano. Desde o in\u00edcio das negocia\u00e7\u00f5es, que culminaram no mais recente Acordo Coletivo de Trabalho (ACT), os funcion\u00e1rios do BB exigem a amplia\u00e7\u00e3o dos dias da semana e do percentual de trabalhadores em home office.<\/p>\n<p>\u201cH\u00e1 uma demanda grande nas \u00e1reas meio, especialmente nos escrit\u00f3rios\u201d, explica Fernanda Lopes, que est\u00e1 coordenando interinamente a CEBB. \u201cN\u00f3s esperamos que, ao contr\u00e1rio da \u00faltima mesa tem\u00e1tica, que ocorreu em novembro passado, o banco nos apresente desta vez uma proposta consolidada para atender os funcion\u00e1rios e funcion\u00e1rias que podem exercer seus trabalhos de casa por mais dias da semana\u201d, completa.<\/p>\n<p>Pelas regras vigentes, as banc\u00e1rias e banc\u00e1rios podem entrar em trabalho remoto dois dias na semana ou o seu equivalente mensal. E cada departamento pode ter, ao dia, aus\u00eancia de, no m\u00e1ximo, 30% dos seus trabalhadores em home office, considerando aus\u00eancias f\u00edsicas programadas, como f\u00e9rias e abonos.<\/p>\n<p>No encontro que ocorreu em novembro, dados apresentados pelo pr\u00f3prio BB mostraram que apesar de 17.509 funcion\u00e1rios terem permiss\u00e3o para o home office, somente 9.849 est\u00e3o exercendo essa modalidade, sendo que a grande maioria em apenas dois dias por semana, ou seja, menos de 50% dos dias \u00fateis e, portanto, sem o direito de receber a ajuda de custo conquistada no novo ACT.<\/p>\n<p><strong>Fonte: Contraf-CUT<\/strong><\/p>\n","protected":false},"excerpt":{"rendered":"<p>A Comiss\u00e3o de Empresa dos Funcion\u00e1rios do Banco do Brasil (CEBB) e o banco realizam, na pr\u00f3xima segunda-feira (13), a primeira mesa de teletrabalho do ano. Desde o in\u00edcio das negocia\u00e7\u00f5es, que culminaram no mais recente Acordo Coletivo de Trabalho (ACT), os funcion\u00e1rios do BB exigem a amplia\u00e7\u00e3o dos dias da semana e do percentual [&hellip;]<\/p>\n","protected":false},"author":2,"featured_media":13809,"comment_status":"","ping_status":"","sticky":false,"template":"","format":"standard","meta":{"footnotes":""},"categories":[3],"tags":[],"class_list":["post-13810","post","type-post","status-publish","format-standard","has-post-thumbnail","hentry","category-noticias"],"_links":{"self":[{"href":"https:\/\/hostnetart.com.br\/baixada\/wp-json\/wp\/v2\/posts\/13810","targetHints":{"allow":["GET"]}}],"collection":[{"href":"https:\/\/hostnetart.com.br\/baixada\/wp-json\/wp\/v2\/posts"}],"about":[{"href":"https:\/\/hostnetart.com.br\/baixada\/wp-json\/wp\/v2\/types\/post"}],"author":[{"embeddable":true,"href":"https:\/\/hostnetart.com.br\/baixada\/wp-json\/wp\/v2\/users\/2"}],"replies":[{"embeddable":true,"href":"https:\/\/hostnetart.com.br\/baixada\/wp-json\/wp\/v2\/comments?post=13810"}],"version-history":[{"count":0,"href":"https:\/\/hostnetart.com.br\/baixada\/wp-json\/wp\/v2\/posts\/13810\/revisions"}],"wp:featuredmedia":[{"embeddable":true,"href":"https:\/\/hostnetart.com.br\/baixada\/wp-json\/wp\/v2\/media\/13809"}],"wp:attachment":[{"href":"https:\/\/hostnetart.com.br\/baixada\/wp-json\/wp\/v2\/media?parent=13810"}],"wp:term":[{"taxonomy":"category","embeddable":true,"href":"https:\/\/hostnetart.com.br\/baixada\/wp-json\/wp\/v2\/categories?post=13810"},{"taxonomy":"post_tag","embeddable":true,"href":"https:\/\/hostnetart.com.br\/baixada\/wp-json\/wp\/v2\/tags?post=13810"}],"curies":[{"name":"wp","href":"https:\/\/api.w.org\/{rel}","templated":true}]}}