{"id":13808,"date":"2023-03-10T03:28:40","date_gmt":"2023-03-10T06:28:40","guid":{"rendered":"https:\/\/hostnetart.com.br\/baixada\/brasil-cria-83-mil-empregos-em-janeiro-saldo-e-positivo-para-homens-e-negativo-para-mulheres\/"},"modified":"2023-03-10T03:28:40","modified_gmt":"2023-03-10T06:28:40","slug":"brasil-cria-83-mil-empregos-em-janeiro-saldo-e-positivo-para-homens-e-negativo-para-mulheres","status":"publish","type":"post","link":"https:\/\/hostnetart.com.br\/baixada\/brasil-cria-83-mil-empregos-em-janeiro-saldo-e-positivo-para-homens-e-negativo-para-mulheres\/","title":{"rendered":"Brasil cria 83 mil empregos em janeiro; saldo \u00e9 positivo para homens e negativo para mulheres"},"content":{"rendered":"<p>A economia brasileira gerou 83.297 vagas de trabalho com carteira assinada durante o m\u00eas de janeiro \u2013 todas elas ocupadas por trabalhadores homens \u2013, de acordo com o Cadastro Geral de Empregados e Desempregados (Caged).<\/p>\n<p>Os dados foram divulgados pelo Minist\u00e9rio do Trabalho e Previd\u00eancia nesta quinta-feira (9), um dia depois do Dia Internacional da Mulher.<\/p>\n<p>Segundo o Caged, somando homens e mulheres, houve saldo positivo na gera\u00e7\u00e3o de emprego \u2013 mais contrata\u00e7\u00f5es que demiss\u00f5es. O saldo, por\u00e9m, est\u00e1 ligado somente \u00e0 contrata\u00e7\u00e3o de m\u00e3o de obra masculina.<\/p>\n<p>Entre os homens, houve 83.492 mais contrata\u00e7\u00f5es que demiss\u00f5es em janeiro. Entre as mulheres, ocorreu o oposto: foram 195 demiss\u00f5es a mais.<\/p>\n<p>&#8220;Janeiro s\u00f3 teve gera\u00e7\u00e3o de postos para homens. N\u00e3o teve emprego feminino&#8221;, resumiu Paula Montagner, subsecret\u00e1ria de Estat\u00edstica e Estudo do Trabalho do minist\u00e9rio.<\/p>\n<p>Segundo ela, a desigualdade tem algumas explica\u00e7\u00f5es sazonais. Em janeiro, houve mais contrata\u00e7\u00f5es na constru\u00e7\u00e3o civil e agropecu\u00e1ria, setores que demandam m\u00e3o de obra masculina. Houve tamb\u00e9m mais demiss\u00f5es no com\u00e9rcio, que emprega mulheres.<\/p>\n<p>Ainda assim, o dado chamou aten\u00e7\u00e3o do minist\u00e9rio.\u00a0<a href=\"https:\/\/www.brasildefato.com.br\/2023\/03\/08\/um-novo-tempo-lula-anuncia-conjunto-de-politicas-publicas-para-mulheres\" target=\"_blank\" rel=\"noopener noreferrer\">Na quarta-feira (8), ali\u00e1s, o governo j\u00e1 havia anunciado medidas para combater a desigualdade entre homens e mulheres no trabalho<\/a>. Um projeto de lei que ser\u00e1 enviado ao Congresso Nacional com o objetivo de promover a igualdade salarial.<\/p>\n<p>A medida mira o combate \u00e0 discrimina\u00e7\u00e3o salarial de g\u00eanero, que voltou a subir no pa\u00eds em 2022, atingindo a marca de 21% de diferen\u00e7a de remunera\u00e7\u00e3o entre homens e mulheres. O \u00edndice \u00e9 de um estudo do Dieese, com base em dados do Instituto Brasileiro de Geografia e Estat\u00edstica (IBGE), que vinha apontando para uma tend\u00eancia de queda nos anos anteriores.<\/p>\n<p>&#8220;Uma desigualdade de contrata\u00e7\u00f5es como essa de janeiro n\u00e3o se justifica. Ela se d\u00e1 no volume e nas remunera\u00e7\u00f5es&#8221;, reclamou Ol\u00edvia Carolino, economista e pesquisadora do Instituto Tricontinental de Pesquisa Social. &#8220;Por isso \u00e9 t\u00e3o importante o pacote de medidas anunciado, que prev\u00ea entre outras coisas a equipara\u00e7\u00e3o salarial.&#8221;<\/p>\n<p>Em janeiro, o sal\u00e1rio m\u00e9dio de admiss\u00e3o dos homens chegou a R$ 2.096,25, enquanto o das mulheres foi de R$ 1.887,60.<\/p>\n<p>Ainda segundo Montagner, em janeiro\u00a0houve tamb\u00e9m corte nas vagas de emprego para pessoas com defici\u00eancia. &#8220;Tivemos um saldo negativo de 1.057 postos para pessoas com defici\u00eancia e isso n\u00e3o \u00e9 um sinal positivo. Precisamos mais e mais que esses grupos sejam incorporados [no mercado de trabalho]&#8221;, concluiu.<\/p>\n<p class=\"ckeditor-subtitle\"><strong>Setores e estados<\/strong><\/p>\n<p>Dos cinco setores da economia (agricultura, ind\u00fastria, constru\u00e7\u00e3o, com\u00e9rcio e servi\u00e7os), quatro tiveram saldo positivo de contrata\u00e7\u00f5es. O com\u00e9rcio cortou 53,2 mil vagas de emprego. O setor de servi\u00e7os, por outro lado, gerou 40,6 mil postos formais de trabalho.<\/p>\n<p>A gera\u00e7\u00e3o de emprego foi positiva em 16 dos 27 estados, com destaque para S\u00e3o Paulo que gerou 18,6 mil postos de trabalho.<\/p>\n<p>O sal\u00e1rio m\u00e9dio real de admiss\u00e3o no m\u00eas alcan\u00e7ou R$ 2.012,76, enquanto o sal\u00e1rio m\u00e9dio real de desligamento foi de R$ 2.034,98. Em janeiro de 2022, esses valores eram R$ 2.021,49 e R$ 1.977,89 respectivamente.<\/p>\n<p>Segundo o ministro Luiz Marinho (PT), a gera\u00e7\u00e3o de empregos n\u00e3o foi t\u00e3o grande em janeiro por conta de diferentes fatores: altos juros na economia, endividamento da popula\u00e7\u00e3o, vencimentos de impostos e at\u00e9 repercuss\u00f5es do caso Americanas.<\/p>\n<p>O resultado de janeiro de 2023 \u00e9 o pior para o m\u00eas desde que a metodologia do Caged foi alterada, em 2020. Ainda assim, \u00e9 bem melhor do que o de dezembro de 2022, \u00faltimo m\u00eas do governo de Jair Bolsonaro (PL), quando o pa\u00eds perdeu 440 mil vagas de trabalho.<\/p>\n<p>Marinho disse que espera que, a partir do segundo trimestre, a gera\u00e7\u00e3o de empregos cres\u00e7a.<\/p>\n<p><strong>Fonte: Brasil de Fato<\/strong><\/p>\n","protected":false},"excerpt":{"rendered":"<p>A economia brasileira gerou 83.297 vagas de trabalho com carteira assinada durante o m\u00eas de janeiro \u2013 todas elas ocupadas por trabalhadores homens \u2013, de acordo com o Cadastro Geral de Empregados e Desempregados (Caged). Os dados foram divulgados pelo Minist\u00e9rio do Trabalho e Previd\u00eancia nesta quinta-feira (9), um dia depois do Dia Internacional da [&hellip;]<\/p>\n","protected":false},"author":2,"featured_media":13807,"comment_status":"","ping_status":"","sticky":false,"template":"","format":"standard","meta":{"footnotes":""},"categories":[3],"tags":[],"class_list":["post-13808","post","type-post","status-publish","format-standard","has-post-thumbnail","hentry","category-noticias"],"_links":{"self":[{"href":"https:\/\/hostnetart.com.br\/baixada\/wp-json\/wp\/v2\/posts\/13808","targetHints":{"allow":["GET"]}}],"collection":[{"href":"https:\/\/hostnetart.com.br\/baixada\/wp-json\/wp\/v2\/posts"}],"about":[{"href":"https:\/\/hostnetart.com.br\/baixada\/wp-json\/wp\/v2\/types\/post"}],"author":[{"embeddable":true,"href":"https:\/\/hostnetart.com.br\/baixada\/wp-json\/wp\/v2\/users\/2"}],"replies":[{"embeddable":true,"href":"https:\/\/hostnetart.com.br\/baixada\/wp-json\/wp\/v2\/comments?post=13808"}],"version-history":[{"count":0,"href":"https:\/\/hostnetart.com.br\/baixada\/wp-json\/wp\/v2\/posts\/13808\/revisions"}],"wp:featuredmedia":[{"embeddable":true,"href":"https:\/\/hostnetart.com.br\/baixada\/wp-json\/wp\/v2\/media\/13807"}],"wp:attachment":[{"href":"https:\/\/hostnetart.com.br\/baixada\/wp-json\/wp\/v2\/media?parent=13808"}],"wp:term":[{"taxonomy":"category","embeddable":true,"href":"https:\/\/hostnetart.com.br\/baixada\/wp-json\/wp\/v2\/categories?post=13808"},{"taxonomy":"post_tag","embeddable":true,"href":"https:\/\/hostnetart.com.br\/baixada\/wp-json\/wp\/v2\/tags?post=13808"}],"curies":[{"name":"wp","href":"https:\/\/api.w.org\/{rel}","templated":true}]}}