{"id":13806,"date":"2023-03-10T03:26:16","date_gmt":"2023-03-10T06:26:16","guid":{"rendered":"https:\/\/hostnetart.com.br\/baixada\/coletivo-nacional-de-relacoes-do-trabalho-analisa-nova-legislatura-do-congresso-nacional\/"},"modified":"2023-03-10T03:26:16","modified_gmt":"2023-03-10T06:26:16","slug":"coletivo-nacional-de-relacoes-do-trabalho-analisa-nova-legislatura-do-congresso-nacional","status":"publish","type":"post","link":"https:\/\/hostnetart.com.br\/baixada\/coletivo-nacional-de-relacoes-do-trabalho-analisa-nova-legislatura-do-congresso-nacional\/","title":{"rendered":"Coletivo Nacional de Rela\u00e7\u00f5es do Trabalho analisa nova legislatura do Congresso Nacional"},"content":{"rendered":"<p>O Coletivo Nacional de Rela\u00e7\u00f5es do Trabalho da Confedera\u00e7\u00e3o Nacional dos Trabalhadores do Ramo Financeiro (Contra-CUT) se reuniu virtualmente, na manh\u00e3 desta quinta-feira (9), para analisar a nova legislatura no Congresso Nacional, debater e encaminhar uma linha de atua\u00e7\u00e3o junto \u00e0s casas legislativas do pa\u00eds afora e \u00f3rg\u00e3os governamentais.<\/p>\n<p>A reuni\u00e3o ampliada contou com a presen\u00e7a dos convidados, o vice-presidente do Departamento Intersindical de Assessoria Parlamentar (DIAP), Rodrigo Britto, e o coordenador t\u00e9cnico, Neuriberg Dias. Eles fizeram um diagn\u00f3stico das for\u00e7as pol\u00edticas e seus respectivos parlamentares, al\u00e9m dos projetos que est\u00e3o em tramita\u00e7\u00e3o, de interesse geral da classe trabalhadora, com um recorte da categoria banc\u00e1ria.<\/p>\n<p>\u201cAnalisamos o cen\u00e1rio pol\u00edtico e enxergamos a necessidade de uma atua\u00e7\u00e3o e monitoramento como j\u00e1 fazemos, n\u00e3o s\u00f3 em \u00e2mbito federal, mas tamb\u00e9m uma atua\u00e7\u00e3o conjunta com sindicatos e federa\u00e7\u00f5es nas c\u00e2maras municipais e assembleias legislativas dos estados, para vigiar, intervir e apresentar uma agenda positiva para a classe trabalhadora\u201d, avaliou Jeferson Meira, secret\u00e1rio de Rela\u00e7\u00f5es do Trabalho da Contraf-CUT e coordenador do Coletivo.<\/p>\n<p>Para Daniele Bittencourt, secret\u00e1ria-geral da Fetec-CUT Paran\u00e1, foi importante esse chamado da Contraf-CUT, instigando as entidades para a presen\u00e7a junto \u00e0s c\u00e2maras municipais e assembleias legislativas. \u201cEsse projeto tamb\u00e9m est\u00e1 na pauta do Coletivo de Mulheres do Paran\u00e1 e j\u00e1 iniciamos os contatos em 2023\u2033.<\/p>\n<p>Edson W. Tavares, secret\u00e1rio de Sa\u00fade, Condi\u00e7\u00f5es de Trabalho e Pol\u00edtica Social do Sindicato dos Banc\u00e1rios de Rond\u00f4nia, acredita ser de suma import\u00e2ncia os encontros do Coletivo Rela\u00e7\u00f5es de Trabalho. \u201cJustamente para oxigenar as a\u00e7\u00f5es estrat\u00e9gicas em torno dos temas afeitos ao trabalhador e \u00e0 trabalhadora, sobretudo, num cen\u00e1rio de metamorfoses e desafios que tangenciam o mundo do trabalho, e que est\u00e3o na agenda do dia do Legislativo Federal, Estadual e Municipal\u201d.<\/p>\n<p>Outro ponto aventado na reuni\u00e3o foi a intensifica\u00e7\u00e3o da comunica\u00e7\u00e3o assertiva pr\u00f3xima das bases sindicais, disponibilizando materiais variados para a solidifica\u00e7\u00e3o da consci\u00eancia pol\u00edtica e de classe. \u201c\u00c9 hora de colocar em evid\u00eancia os atores sindicais para contribuirmos no debate sobre as melhorias das condi\u00e7\u00f5es socioecon\u00f4micas dos trabalhadores e das trabalhadoras. Aqui, sugerimos a pulveriza\u00e7\u00e3o da via comunicativa tamb\u00e9m pelo Instagram, Facebook e Twitter, junto \u00e0 sociedade e, consequentemente, alcan\u00e7ando a classe trabalhadora\u201d, disse Tavares.<\/p>\n<p>J\u00e1 Ana Lucia Ramos Pinto, secret\u00e1ria geral da Fetec\/SP, destacou que a participa\u00e7\u00e3o do DIAP na reuni\u00e3o e essa parceria \u00e9 muito importante para balizar a atua\u00e7\u00e3o junto ao governo. \u201c\u00c9 de extrema relev\u00e2ncia que acompanhemos as discuss\u00f5es e que possamos, de forma organizada, fazer as interven\u00e7\u00f5es nos projetos de interesse da classe trabalhadora\u201d.<\/p>\n<p><strong>Fonte: Contraf-CUT<\/strong><\/p>\n","protected":false},"excerpt":{"rendered":"<p>O Coletivo Nacional de Rela\u00e7\u00f5es do Trabalho da Confedera\u00e7\u00e3o Nacional dos Trabalhadores do Ramo Financeiro (Contra-CUT) se reuniu virtualmente, na manh\u00e3 desta quinta-feira (9), para analisar a nova legislatura no Congresso Nacional, debater e encaminhar uma linha de atua\u00e7\u00e3o junto \u00e0s casas legislativas do pa\u00eds afora e \u00f3rg\u00e3os governamentais. A reuni\u00e3o ampliada contou com a [&hellip;]<\/p>\n","protected":false},"author":2,"featured_media":13805,"comment_status":"","ping_status":"","sticky":false,"template":"","format":"standard","meta":{"footnotes":""},"categories":[3],"tags":[],"class_list":["post-13806","post","type-post","status-publish","format-standard","has-post-thumbnail","hentry","category-noticias"],"_links":{"self":[{"href":"https:\/\/hostnetart.com.br\/baixada\/wp-json\/wp\/v2\/posts\/13806","targetHints":{"allow":["GET"]}}],"collection":[{"href":"https:\/\/hostnetart.com.br\/baixada\/wp-json\/wp\/v2\/posts"}],"about":[{"href":"https:\/\/hostnetart.com.br\/baixada\/wp-json\/wp\/v2\/types\/post"}],"author":[{"embeddable":true,"href":"https:\/\/hostnetart.com.br\/baixada\/wp-json\/wp\/v2\/users\/2"}],"replies":[{"embeddable":true,"href":"https:\/\/hostnetart.com.br\/baixada\/wp-json\/wp\/v2\/comments?post=13806"}],"version-history":[{"count":0,"href":"https:\/\/hostnetart.com.br\/baixada\/wp-json\/wp\/v2\/posts\/13806\/revisions"}],"wp:featuredmedia":[{"embeddable":true,"href":"https:\/\/hostnetart.com.br\/baixada\/wp-json\/wp\/v2\/media\/13805"}],"wp:attachment":[{"href":"https:\/\/hostnetart.com.br\/baixada\/wp-json\/wp\/v2\/media?parent=13806"}],"wp:term":[{"taxonomy":"category","embeddable":true,"href":"https:\/\/hostnetart.com.br\/baixada\/wp-json\/wp\/v2\/categories?post=13806"},{"taxonomy":"post_tag","embeddable":true,"href":"https:\/\/hostnetart.com.br\/baixada\/wp-json\/wp\/v2\/tags?post=13806"}],"curies":[{"name":"wp","href":"https:\/\/api.w.org\/{rel}","templated":true}]}}