{"id":13804,"date":"2023-03-09T17:30:11","date_gmt":"2023-03-09T20:30:11","guid":{"rendered":"https:\/\/hostnetart.com.br\/baixada\/eleitos-da-previ-realizam-live-para-avaliar-mudanca-na-direcao-da-entidade-nesta-quinta-9-as-19h30\/"},"modified":"2023-03-09T17:30:11","modified_gmt":"2023-03-09T20:30:11","slug":"eleitos-da-previ-realizam-live-para-avaliar-mudanca-na-direcao-da-entidade-nesta-quinta-9-as-19h30","status":"publish","type":"post","link":"https:\/\/hostnetart.com.br\/baixada\/eleitos-da-previ-realizam-live-para-avaliar-mudanca-na-direcao-da-entidade-nesta-quinta-9-as-19h30\/","title":{"rendered":"Eleitos da Previ realizam live para avaliar mudan\u00e7a na dire\u00e7\u00e3o da entidade, nesta quinta (9), \u00e0s 19h30"},"content":{"rendered":"<div class=\"elementor-element elementor-element-194680ec elementor-widget elementor-widget-theme-post-content\" data-id=\"194680ec\" data-element_type=\"widget\" data-widget_type=\"theme-post-content.default\">\n<div class=\"elementor-widget-container\">\n<p>Os diretores e conselheiros eleitos da Caixa de Previd\u00eancia dos Funcion\u00e1rios do Banco do Brasil (Previ) realizam nesta quinta-feira (9), \u00e0s 19h30 (hor\u00e1rio de Bras\u00edlia), uma live para discutir as perspectivas da governan\u00e7a da Previ em 2023, diante das mudan\u00e7as na dire\u00e7\u00e3o do patrocinador Banco do Brasil e, consequentemente, tamb\u00e9m na gest\u00e3o da Caixa de Previd\u00eancia. Em comemora\u00e7\u00e3o ao Dia Internacional da Mulher, o grupo tamb\u00e9m vai debater a import\u00e2ncia das funcion\u00e1rias do BB na constru\u00e7\u00e3o e na gest\u00e3o do BB e da Previ.<\/p>\n<p>O Banco do Brasil come\u00e7ou 2023 com a\u00a0<a href=\"https:\/\/contrafcut.com.br\/noticias\/tarciana-medeiros-toma-posse-da-presidencia-do-banco-do-brasil-nesta-segunda\/\" target=\"_blank\" rel=\"noopener noreferrer\">dire\u00e7\u00e3o de Tarciana Medeiros<\/a>, a primeira mulher a assumir a presid\u00eancia do banco p\u00fablico em 214 anos de hist\u00f3ria. Mais recentemente, no final de fevereiro,\u00a0<a href=\"https:\/\/contrafcut.com.br\/noticias\/joao-fukunaga-na-presidencia-da-previ-reforca-pauta-dos-associados\/\" target=\"_blank\" rel=\"noopener noreferrer\">assumiu o posto \u00e0 frente da Previ, Jo\u00e3o Luiz Fukunaga<\/a>, tornando-se o primeiro presidente associado ao Plano Previ Futuro que a entidade j\u00e1 teve.\u00a0<\/p>\n<h3>Participantes<\/h3>\n<p>A live dos eleitos da Previ contar\u00e1 com a participa\u00e7\u00e3o de Wagner Nascimento (diretor de Seguridade da Previ), M\u00e1rcio de Souza (diretor de Administra\u00e7\u00e3o) e Paula Goto (diretora de Planejamento) e, como mediadora, da conselheira deliberativa Luciana Bagno.<\/p>\n<h3>Canais<\/h3>\n<p>Os expectadores poder\u00e3o fazer perguntas pelo chat da transmiss\u00e3o da live, que ser\u00e1 realizada pelos canais Associados Previ no\u00a0<a href=\"https:\/\/www.youtube.com\/watch?v=2YyjmJrGrNI\" target=\"_blank\" rel=\"noopener noreferrer\">Youtube<\/a>\u00a0e no\u00a0<a href=\"https:\/\/www.facebook.com\/events\/210918978262636\/?post_id=210918984929302&amp;view=permalink\" target=\"_blank\" rel=\"noopener noreferrer\">Facebook<\/a>. O\u00a0<a href=\"https:\/\/www.youtube.com\/watch?v=1NiwYTivUjY\" target=\"_blank\" rel=\"noopener noreferrer\">canal da TVT no YouTube<\/a>\u00a0tamb\u00e9m far\u00e1 a transmiss\u00e3o da live.<\/p>\n<p>\u201cAs lives fazem parte do compromisso dos dirigentes eleitos da Previ de ampliar a comunica\u00e7\u00e3o e a aproxima\u00e7\u00e3o com os associados\u201d, destaca o diretor de administra\u00e7\u00e3o da entidade, M\u00e1rcio de Souza. \u201cNosso prop\u00f3sito com mais este canal de comunica\u00e7\u00e3o, pelo qual os associados e associadas podem participar enviando suas d\u00favidas e coment\u00e1rios, no chat da live, \u00e9 fortalecer a transpar\u00eancia da gest\u00e3o\u201d, completa.<\/p>\n<p>Link transmiss\u00e3o pelo Youtube:\u00a0<a href=\"https:\/\/www.youtube.com\/watch?v=2YyjmJrGrNI\">https:\/\/www.youtube.com\/watch?v=2YyjmJrGrNI<\/a><\/p>\n<p><strong>Fonte: Contraf-CUT<\/strong><\/p>\n<\/div>\n<\/div>\n","protected":false},"excerpt":{"rendered":"<p>Os diretores e conselheiros eleitos da Caixa de Previd\u00eancia dos Funcion\u00e1rios do Banco do Brasil (Previ) realizam nesta quinta-feira (9), \u00e0s 19h30 (hor\u00e1rio de Bras\u00edlia), uma live para discutir as perspectivas da governan\u00e7a da Previ em 2023, diante das mudan\u00e7as na dire\u00e7\u00e3o do patrocinador Banco do Brasil e, consequentemente, tamb\u00e9m na gest\u00e3o da Caixa de [&hellip;]<\/p>\n","protected":false},"author":2,"featured_media":13803,"comment_status":"","ping_status":"","sticky":false,"template":"","format":"standard","meta":{"footnotes":""},"categories":[3],"tags":[],"class_list":["post-13804","post","type-post","status-publish","format-standard","has-post-thumbnail","hentry","category-noticias"],"_links":{"self":[{"href":"https:\/\/hostnetart.com.br\/baixada\/wp-json\/wp\/v2\/posts\/13804","targetHints":{"allow":["GET"]}}],"collection":[{"href":"https:\/\/hostnetart.com.br\/baixada\/wp-json\/wp\/v2\/posts"}],"about":[{"href":"https:\/\/hostnetart.com.br\/baixada\/wp-json\/wp\/v2\/types\/post"}],"author":[{"embeddable":true,"href":"https:\/\/hostnetart.com.br\/baixada\/wp-json\/wp\/v2\/users\/2"}],"replies":[{"embeddable":true,"href":"https:\/\/hostnetart.com.br\/baixada\/wp-json\/wp\/v2\/comments?post=13804"}],"version-history":[{"count":0,"href":"https:\/\/hostnetart.com.br\/baixada\/wp-json\/wp\/v2\/posts\/13804\/revisions"}],"wp:featuredmedia":[{"embeddable":true,"href":"https:\/\/hostnetart.com.br\/baixada\/wp-json\/wp\/v2\/media\/13803"}],"wp:attachment":[{"href":"https:\/\/hostnetart.com.br\/baixada\/wp-json\/wp\/v2\/media?parent=13804"}],"wp:term":[{"taxonomy":"category","embeddable":true,"href":"https:\/\/hostnetart.com.br\/baixada\/wp-json\/wp\/v2\/categories?post=13804"},{"taxonomy":"post_tag","embeddable":true,"href":"https:\/\/hostnetart.com.br\/baixada\/wp-json\/wp\/v2\/tags?post=13804"}],"curies":[{"name":"wp","href":"https:\/\/api.w.org\/{rel}","templated":true}]}}