{"id":13792,"date":"2023-03-08T13:42:35","date_gmt":"2023-03-08T16:42:35","guid":{"rendered":"https:\/\/hostnetart.com.br\/baixada\/8-de-marco-dia-internacional-da-mulher-2\/"},"modified":"2023-03-08T13:42:35","modified_gmt":"2023-03-08T16:42:35","slug":"8-de-marco-dia-internacional-da-mulher-2","status":"publish","type":"post","link":"https:\/\/hostnetart.com.br\/baixada\/8-de-marco-dia-internacional-da-mulher-2\/","title":{"rendered":"8 de mar\u00e7o &#8211; Dia Internacional da Mulher"},"content":{"rendered":"<div class=\"x11i5rnm xat24cr x1mh8g0r x1vvkbs xdj266r x126k92a\">\n<div dir=\"auto\">Lugar de mulher \u00e9 onde ela quiser. E o melhor presente, sempre, \u00e9 o respeito.<\/div>\n<div dir=\"auto\">\u00a0<\/div>\n<\/div>\n<div class=\"x11i5rnm xat24cr x1mh8g0r x1vvkbs xtlvy1s x126k92a\">\n<div dir=\"auto\">O Sindicato dos Banc\u00e1rios e DAS BANC\u00c1RIAS da Baixada Fluminense parabeniza todas as mulheres, principalmente, as banc\u00e1rias de nossa regi\u00e3o, pelo Dia Internacional da Mulher, 8 de mar\u00e7o.<\/div>\n<div dir=\"auto\">\u00a0<\/div>\n<\/div>\n<div class=\"x11i5rnm xat24cr x1mh8g0r x1vvkbs xtlvy1s x126k92a\">\n<div dir=\"auto\">Importante: o Sindicato estar\u00e1 presente na passeata que partir\u00e1 da Candel\u00e1ria em dire\u00e7\u00e3o a Cinel\u00e2ndia, pelo fim do feminic\u00eddio, da viol\u00eancia contra a mulher, da desigualdade de emprego e renda, por um Brasil sem fome e com mais educa\u00e7\u00e3o e sa\u00fade p\u00fablica de qualidade.<\/div>\n<div dir=\"auto\">\u00a0<\/div>\n<\/div>\n<div class=\"x11i5rnm xat24cr x1mh8g0r x1vvkbs xtlvy1s x126k92a\">\n<div dir=\"auto\">A concentra\u00e7\u00e3o come\u00e7a \u00e0s 16 horas.\u00a0<\/div>\n<\/div>\n","protected":false},"excerpt":{"rendered":"<p>Lugar de mulher \u00e9 onde ela quiser. E o melhor presente, sempre, \u00e9 o respeito. \u00a0 O Sindicato dos Banc\u00e1rios e DAS BANC\u00c1RIAS da Baixada Fluminense parabeniza todas as mulheres, principalmente, as banc\u00e1rias de nossa regi\u00e3o, pelo Dia Internacional da Mulher, 8 de mar\u00e7o. \u00a0 Importante: o Sindicato estar\u00e1 presente na passeata que partir\u00e1 da [&hellip;]<\/p>\n","protected":false},"author":2,"featured_media":13791,"comment_status":"","ping_status":"","sticky":false,"template":"","format":"standard","meta":{"footnotes":""},"categories":[3],"tags":[],"class_list":["post-13792","post","type-post","status-publish","format-standard","has-post-thumbnail","hentry","category-noticias"],"_links":{"self":[{"href":"https:\/\/hostnetart.com.br\/baixada\/wp-json\/wp\/v2\/posts\/13792","targetHints":{"allow":["GET"]}}],"collection":[{"href":"https:\/\/hostnetart.com.br\/baixada\/wp-json\/wp\/v2\/posts"}],"about":[{"href":"https:\/\/hostnetart.com.br\/baixada\/wp-json\/wp\/v2\/types\/post"}],"author":[{"embeddable":true,"href":"https:\/\/hostnetart.com.br\/baixada\/wp-json\/wp\/v2\/users\/2"}],"replies":[{"embeddable":true,"href":"https:\/\/hostnetart.com.br\/baixada\/wp-json\/wp\/v2\/comments?post=13792"}],"version-history":[{"count":0,"href":"https:\/\/hostnetart.com.br\/baixada\/wp-json\/wp\/v2\/posts\/13792\/revisions"}],"wp:featuredmedia":[{"embeddable":true,"href":"https:\/\/hostnetart.com.br\/baixada\/wp-json\/wp\/v2\/media\/13791"}],"wp:attachment":[{"href":"https:\/\/hostnetart.com.br\/baixada\/wp-json\/wp\/v2\/media?parent=13792"}],"wp:term":[{"taxonomy":"category","embeddable":true,"href":"https:\/\/hostnetart.com.br\/baixada\/wp-json\/wp\/v2\/categories?post=13792"},{"taxonomy":"post_tag","embeddable":true,"href":"https:\/\/hostnetart.com.br\/baixada\/wp-json\/wp\/v2\/tags?post=13792"}],"curies":[{"name":"wp","href":"https:\/\/api.w.org\/{rel}","templated":true}]}}