{"id":13790,"date":"2023-03-07T16:33:49","date_gmt":"2023-03-07T19:33:49","guid":{"rendered":"https:\/\/hostnetart.com.br\/baixada\/sindicato-dos-bancarios-da-baixada-fluminense-protesta-contra-demissoes-e-fechamento-de-agencias\/"},"modified":"2023-03-07T16:33:49","modified_gmt":"2023-03-07T19:33:49","slug":"sindicato-dos-bancarios-da-baixada-fluminense-protesta-contra-demissoes-e-fechamento-de-agencias","status":"publish","type":"post","link":"https:\/\/hostnetart.com.br\/baixada\/sindicato-dos-bancarios-da-baixada-fluminense-protesta-contra-demissoes-e-fechamento-de-agencias\/","title":{"rendered":"Sindicato dos Banc\u00e1rios da Baixada Fluminense protesta contra demiss\u00f5es e fechamento de ag\u00eancias"},"content":{"rendered":"<p>O Sindicato dos Banc\u00e1rios da Baixada Fluminense percorreu ag\u00eancias dos bancos Bradesco e Ita\u00fa para protestar contra as demiss\u00f5es em s\u00e9rie que vem ocorrendo na regi\u00e3o e fechamento de postos de trabalho.<\/p>\n<p>Os protestos ocorreram nesta ter\u00e7a-feira, 7 de mar\u00e7o, em Nova Igua\u00e7u.<\/p>\n<p>Diretoras e diretores do Sindicato falaram com banc\u00e1rias, banc\u00e1rios e popula\u00e7\u00e3o em geral, e debateram sobre o quanto essas medidas tomadas pelos bancos afetam a sociedade em geral, al\u00e9m dos impactos contra os direitos dos trabalhadores.<\/p>\n<p>Renata Soeiro, Coordenadora Geral do Sindicato, comentou a atividade: \u201c\u00e9 importante atuar em defesa dos empregos e contra as demiss\u00f5es. Os bancos est\u00e3o dispensando em massa e isso \u00e9 um absurdo\u201d.<\/p>\n<p>Para Pedro Batista, Coordenador Geral, \u201co maior desafio \u00e9 debater o trabalho decente, garantir empregos, atendimento de qualidade para a popula\u00e7\u00e3o, com gera\u00e7\u00e3o de empregos\u201d.<\/p>\n<p>DESEMPREGO<\/p>\n<p>Mesmo num cen\u00e1rio t\u00e3o favor\u00e1vel em rela\u00e7\u00e3o aos lucros, os bancos continuam demitindo e fechando ag\u00eancias.<\/p>\n<p>No Brasil, com milh\u00f5es de desempregados, o setor mais lucrativo contribui para o aumento desse n\u00famero.<\/p>\n<p>Os bancos s\u00e3o uma concess\u00e3o p\u00fablica e t\u00eam um papel social importante no crescimento de um pa\u00eds. \u00c9 importante que as institui\u00e7\u00f5es financeiras, respons\u00e1veis por cuidar do dinheiro da popula\u00e7\u00e3o, sejam um instrumento para o desenvolvimento econ\u00f4mico e n\u00e3o para fragilizar ainda mais a economia.<\/p>\n<p>IMPORTANTE<\/p>\n<p>\u00c9 fundamental que banc\u00e1rias e banc\u00e1rios, logo que sejam informados de suas demiss\u00f5es, procurem imediatamente atendimento no Sindicato.<\/p>\n<p>*<em>confira as fotos do ato em nossas redes sociais<\/em><\/p>\n","protected":false},"excerpt":{"rendered":"<p>O Sindicato dos Banc\u00e1rios da Baixada Fluminense percorreu ag\u00eancias dos bancos Bradesco e Ita\u00fa para protestar contra as demiss\u00f5es em s\u00e9rie que vem ocorrendo na regi\u00e3o e fechamento de postos de trabalho. Os protestos ocorreram nesta ter\u00e7a-feira, 7 de mar\u00e7o, em Nova Igua\u00e7u. Diretoras e diretores do Sindicato falaram com banc\u00e1rias, banc\u00e1rios e popula\u00e7\u00e3o em [&hellip;]<\/p>\n","protected":false},"author":2,"featured_media":13789,"comment_status":"","ping_status":"","sticky":false,"template":"","format":"standard","meta":{"footnotes":""},"categories":[3],"tags":[],"class_list":["post-13790","post","type-post","status-publish","format-standard","has-post-thumbnail","hentry","category-noticias"],"_links":{"self":[{"href":"https:\/\/hostnetart.com.br\/baixada\/wp-json\/wp\/v2\/posts\/13790","targetHints":{"allow":["GET"]}}],"collection":[{"href":"https:\/\/hostnetart.com.br\/baixada\/wp-json\/wp\/v2\/posts"}],"about":[{"href":"https:\/\/hostnetart.com.br\/baixada\/wp-json\/wp\/v2\/types\/post"}],"author":[{"embeddable":true,"href":"https:\/\/hostnetart.com.br\/baixada\/wp-json\/wp\/v2\/users\/2"}],"replies":[{"embeddable":true,"href":"https:\/\/hostnetart.com.br\/baixada\/wp-json\/wp\/v2\/comments?post=13790"}],"version-history":[{"count":0,"href":"https:\/\/hostnetart.com.br\/baixada\/wp-json\/wp\/v2\/posts\/13790\/revisions"}],"wp:featuredmedia":[{"embeddable":true,"href":"https:\/\/hostnetart.com.br\/baixada\/wp-json\/wp\/v2\/media\/13789"}],"wp:attachment":[{"href":"https:\/\/hostnetart.com.br\/baixada\/wp-json\/wp\/v2\/media?parent=13790"}],"wp:term":[{"taxonomy":"category","embeddable":true,"href":"https:\/\/hostnetart.com.br\/baixada\/wp-json\/wp\/v2\/categories?post=13790"},{"taxonomy":"post_tag","embeddable":true,"href":"https:\/\/hostnetart.com.br\/baixada\/wp-json\/wp\/v2\/tags?post=13790"}],"curies":[{"name":"wp","href":"https:\/\/api.w.org\/{rel}","templated":true}]}}