{"id":13784,"date":"2023-03-07T10:05:50","date_gmt":"2023-03-07T13:05:50","guid":{"rendered":"https:\/\/hostnetart.com.br\/baixada\/mulheres-sao-maioria-entre-desempregados-e-quando-empregadas-ganham-em-media-21-menos-que-homens\/"},"modified":"2023-03-07T10:05:50","modified_gmt":"2023-03-07T13:05:50","slug":"mulheres-sao-maioria-entre-desempregados-e-quando-empregadas-ganham-em-media-21-menos-que-homens","status":"publish","type":"post","link":"https:\/\/hostnetart.com.br\/baixada\/mulheres-sao-maioria-entre-desempregados-e-quando-empregadas-ganham-em-media-21-menos-que-homens\/","title":{"rendered":"Mulheres s\u00e3o maioria entre desempregados e, quando empregadas, ganham em m\u00e9dia 21% menos que homens"},"content":{"rendered":"<p>Apesar de representar 44% do total da for\u00e7a de trabalho do pa\u00eds, as mulheres s\u00e3o maioria entre os desempregados (55,5%). Elas ainda recebem, em m\u00e9dia, 21% menos que os homens (o equivalente a R$ 2.305 para elas e a R$ 2.909 para eles). Esses s\u00e3o alguns destaques do\u00a0<a href=\"https:\/\/contrafcut.com.br\/wp-content\/uploads\/2023\/03\/boletim-mulheres-2023-1.pdf\" target=\"_blank\" rel=\"noopener noreferrer\">Boletim Especial \u201c8 de mar\u00e7o, Dia da Mulher\u201d<\/a>, divulgado nesta segunda (6) pelo Departamento Intersindical de Estat\u00edstica e Estudos Socioecon\u00f4micos (Dieese), com base na Pesquisa Nacional por Amostra de Domic\u00edlio Cont\u00ednua (PnadC), realizada pelo Instituto Brasileiro de Geografia e Estat\u00edstica (IBGE), para o 3\u00ba trimestre de 2022.<\/p>\n<p>For\u00e7a de trabalho \u00e9 um termo que representa todas as pessoas com 14 anos ou mais, ocupadas ou em busca de trabalho no pa\u00eds. O relat\u00f3rio do Dieese aponta tamb\u00e9m que, do total de mulheres ocupadas, a propor\u00e7\u00e3o de subocupadas, ou seja, que trabalham menos de 40 horas, mas gostariam de trabalhar mais, foi superior \u00e0 dos homens: 7,8% delas estavam nessas condi\u00e7\u00f5es, enquanto entre os homens, o percentual ficou em 5,1%. \u201cQuando se analisa essa informa\u00e7\u00e3o por cor\/ra\u00e7a, nota-se que entre as negras, a situa\u00e7\u00e3o \u00e9 pior: o percentual de trabalhadoras negras subocupadas foi 9,3% maior do que o registrado entre as n\u00e3o negras\u201d, continua a entidade.<\/p>\n<p><em>Para acessar o boletim do Dieese na \u00edntegra,<\/em>\u00a0<strong><a href=\"https:\/\/contrafcut.com.br\/wp-content\/uploads\/2023\/03\/boletim-mulheres-2023-1.pdf\" target=\"_blank\" rel=\"noopener noreferrer\">clique aqui<\/a><\/strong>.<\/p>\n<p>\u201cA desigualdade de g\u00eanero no mercado de trabalho \u00e9 uma das consequ\u00eancias da injusti\u00e7a social\u201d, destaca a secret\u00e1ria da Mulher da Confedera\u00e7\u00e3o Nacional dos Trabalhadores do Ramo Financeiro (Contraf-CUT), Fernanda Lopes. \u201cEnt\u00e3o, assim como o relat\u00f3rio do Dieese coloca, o mercado de trabalho reafirma um desequil\u00edbrio presente em todas as esferas sociais, sob a forma do machismo e do racismo\u201d, completa.<\/p>\n<p>O Dieese afirma ainda que, mesmo sendo ampla maioria em determinado setor, as mulheres recebem muito menos que os homens. Nos servi\u00e7os dom\u00e9sticos por exemplo, enquanto elas representam 91% dos ocupados o sal\u00e1rio \u00e9 20% menor que a m\u00e9dia recebida pelos homens. Assim como no agrupamento educa\u00e7\u00e3o, sa\u00fade e servi\u00e7os sociais: enquanto elas totalizam 75% da for\u00e7a de trabalho, recebem em m\u00e9dia 32% menos que os homens.<\/p>\n<h3><strong>Arranjos familiares<\/strong><\/h3>\n<p>Dos 75 milh\u00f5es de lares no pa\u00eds, 50,8% s\u00e3o liderados por mulheres, o que corresponde a 38,1 milh\u00f5es de fam\u00edlias. As mulheres negras lideram 21,5 milh\u00f5es de lares (56,5%) e as n\u00e3o negras, 16,6 milh\u00f5es (43,5%).<\/p>\n<p>No 3\u00ba trimestre de 2022, em termos de renda m\u00e9dia do trabalho da fam\u00edlia, na m\u00e9dia, os domic\u00edlios de casais com e sem filho receberam os maiores valores (R$ 4.987 e R$ 4.898, respectivamente). Os menores valores foram registrados entre os domic\u00edlios monoparentais com chefia feminina (R$ 2.833) e unipessoais femininos (R$2.913). Fam\u00edlias monoparentais s\u00e3o estruturas em que o pai ou a m\u00e3e, que n\u00e3o vive com companheiro ou c\u00f4njuge, \u00e9 respons\u00e1vel pelo cuidado dos filhos menores de 18 anos, enquanto que domic\u00edlio unipessoal \u00e9 quando um indiv\u00edduo vive sozinho.<\/p>\n<p>Quando se olha por cor, a renda das fam\u00edlias negras foi sempre menor que a das n\u00e3o negras, independentemente do arranjo familiar. No caso das fam\u00edlias chefiadas por mulheres negras com filhos, a renda m\u00e9dia foi de R$ 2.362.<\/p>\n<p>\u201cA desigualdade de g\u00eanero e ra\u00e7a\/cor no mercado de trabalho afeta intensamente a qualidade de vida de todos os membros das fam\u00edlias e imp\u00f5e, muitas vezes, a necessidade da inser\u00e7\u00e3o prec\u00e1ria de filhos e outros parentes, para compor a renda familiar\u201d, alerta o Dieese. \u201cEsse quadro faz com que seja perpetuada a situa\u00e7\u00e3o de vulnerabilidade n\u00e3o s\u00f3 da mulher chefe de fam\u00edlia, mas de todos os familiares, com a transfer\u00eancia de milhares de crian\u00e7as e jovens da escola para o mercado de trabalho, para que contribuam com a renda da fam\u00edlia\u201d, completa.<\/p>\n<h3><strong>Desafio estrutural<\/strong><\/h3>\n<p>A entidade observa no relat\u00f3rio que n\u00e3o houve avan\u00e7os nos \u00faltimos anos para serem comemorados em 8 de mar\u00e7o, Dia Internacional da Mulher. \u201cAs desigualdades apresentadas no mercado de trabalho refletem o machismo estrutural de uma sociedade em que as mulheres, que s\u00e3o a maioria da popula\u00e7\u00e3o, est\u00e3o sub-representadas em todos os espa\u00e7os, incluindo os espa\u00e7os pol\u00edticos e de poder\u201d, destaca Fernanda Lopes. \u201cNa apresenta\u00e7\u00e3o do documento, o Dieese lembra que, nas elei\u00e7\u00f5es de 2022, apesar do aumento de candidaturas femininas ter sido de 33,3%, em rela\u00e7\u00e3o \u00e0s elei\u00e7\u00f5es anteriores, apenas 302 mulheres foram eleitas, contra 1.394 homens, nas esferas federal, estadual e distrital\u201d, completa.<\/p>\n<p>O Dieese observa ainda que os dados de sub-representa\u00e7\u00e3o na pol\u00edtica e os problemas vivenciados no mercado de trabalho somam-se \u00e0 viol\u00eancia. Todos esses fatores \u201crefletem a condi\u00e7\u00e3o de desigualdade de g\u00eanero\u201d. Segundo dados da F\u00f3rum Nacional de Seguran\u00e7a P\u00fablica, no primeiro semestre de 2022, 699 mulheres foram mortas em situa\u00e7\u00f5es de viol\u00eancia dom\u00e9stica ou devido a quest\u00f5es que envolvem desd\u00e9m ou discrimina\u00e7\u00e3o \u00e0 condi\u00e7\u00e3o de mulher, crime denominado de feminic\u00eddio.<\/p>\n<p><strong>Fonte: Contraf-CUT<\/strong><\/p>\n","protected":false},"excerpt":{"rendered":"<p>Apesar de representar 44% do total da for\u00e7a de trabalho do pa\u00eds, as mulheres s\u00e3o maioria entre os desempregados (55,5%). Elas ainda recebem, em m\u00e9dia, 21% menos que os homens (o equivalente a R$ 2.305 para elas e a R$ 2.909 para eles). Esses s\u00e3o alguns destaques do\u00a0Boletim Especial \u201c8 de mar\u00e7o, Dia da Mulher\u201d, [&hellip;]<\/p>\n","protected":false},"author":2,"featured_media":13783,"comment_status":"","ping_status":"","sticky":false,"template":"","format":"standard","meta":{"footnotes":""},"categories":[3],"tags":[],"class_list":["post-13784","post","type-post","status-publish","format-standard","has-post-thumbnail","hentry","category-noticias"],"_links":{"self":[{"href":"https:\/\/hostnetart.com.br\/baixada\/wp-json\/wp\/v2\/posts\/13784","targetHints":{"allow":["GET"]}}],"collection":[{"href":"https:\/\/hostnetart.com.br\/baixada\/wp-json\/wp\/v2\/posts"}],"about":[{"href":"https:\/\/hostnetart.com.br\/baixada\/wp-json\/wp\/v2\/types\/post"}],"author":[{"embeddable":true,"href":"https:\/\/hostnetart.com.br\/baixada\/wp-json\/wp\/v2\/users\/2"}],"replies":[{"embeddable":true,"href":"https:\/\/hostnetart.com.br\/baixada\/wp-json\/wp\/v2\/comments?post=13784"}],"version-history":[{"count":0,"href":"https:\/\/hostnetart.com.br\/baixada\/wp-json\/wp\/v2\/posts\/13784\/revisions"}],"wp:featuredmedia":[{"embeddable":true,"href":"https:\/\/hostnetart.com.br\/baixada\/wp-json\/wp\/v2\/media\/13783"}],"wp:attachment":[{"href":"https:\/\/hostnetart.com.br\/baixada\/wp-json\/wp\/v2\/media?parent=13784"}],"wp:term":[{"taxonomy":"category","embeddable":true,"href":"https:\/\/hostnetart.com.br\/baixada\/wp-json\/wp\/v2\/categories?post=13784"},{"taxonomy":"post_tag","embeddable":true,"href":"https:\/\/hostnetart.com.br\/baixada\/wp-json\/wp\/v2\/tags?post=13784"}],"curies":[{"name":"wp","href":"https:\/\/api.w.org\/{rel}","templated":true}]}}