{"id":13782,"date":"2023-03-06T13:26:22","date_gmt":"2023-03-06T16:26:22","guid":{"rendered":"https:\/\/hostnetart.com.br\/baixada\/mulheres-por-democracia-autonomia-economica-e-trabalho-digno-sera-bandeira-principal-do-8-de-marco\/"},"modified":"2023-03-06T13:26:22","modified_gmt":"2023-03-06T16:26:22","slug":"mulheres-por-democracia-autonomia-economica-e-trabalho-digno-sera-bandeira-principal-do-8-de-marco","status":"publish","type":"post","link":"https:\/\/hostnetart.com.br\/baixada\/mulheres-por-democracia-autonomia-economica-e-trabalho-digno-sera-bandeira-principal-do-8-de-marco\/","title":{"rendered":"Mulheres por democracia, autonomia econ\u00f4mica e trabalho digno ser\u00e1 bandeira principal do 8 de mar\u00e7o"},"content":{"rendered":"<p>Nesta semana, centrais e movimentos sociais come\u00e7aram a divulgar os locais do pa\u00eds onde acontecer\u00e3o atividades, ao longo do m\u00eas e tamb\u00e9m no 8 de mar\u00e7o, em celebra\u00e7\u00e3o ao Dia Internacional da Mulher. \u201cO tema deste ano \u00e9 \u2018Mulheres por democracia, autonomia econ\u00f4mica e trabalho digno\u2019 com o lema \u2018Sem Mulher N\u00e3o tem Democracia\u2019\u201d, informa a secret\u00e1ria da Mulher da Confedera\u00e7\u00e3o Nacional dos Trabalhadores do Ramo Financeiro (Contraf-CUT), Fernanda Lopes, ao avaliar que os movimentos de mulheres est\u00e3o otimistas com o novo governo pelas movimenta\u00e7\u00f5es recentes que apontam para o avan\u00e7o de pol\u00edticas p\u00fablicas contra a desigualdade de g\u00eanero.<\/p>\n<p>O pa\u00eds vive, atualmente, um\u00a0<a href=\"https:\/\/www.cnnbrasil.com.br\/politica\/lula-nomeia-11-mulheres-ministras-e-bate-recorde-de-dilma\/\">recorde feminino na Esplanada dos Minist\u00e9rios<\/a>: das 37 pastas, 11 s\u00e3o ocupadas por mulheres. \u201cAl\u00e9m de mulheres que passaram a ocupar quase 30% dos minist\u00e9rios, o atual presidente da Rep\u00fablica fez quest\u00e3o de colocar duas mulheres no comando das principais institui\u00e7\u00f5es financeiras do pa\u00eds, Caixa e Banco do Brasil, reconhecendo a atua\u00e7\u00e3o das mulheres na sociedade e a necessidade de igualdade de oportunidades\u201d, destaca a presidenta da Contraf-CUT, Juvandia Moreira.<\/p>\n<p>No \u00faltimo dia 28, Lula anunciou que, em 8 de mar\u00e7o,\u00a0<a href=\"https:\/\/g1.globo.com\/politica\/noticia\/2023\/02\/28\/lula-diz-que-apresentara-lei-para-garantir-salario-igual-entre-homens-e-mulheres-na-mesma-funcao.ghtml\">apresentar\u00e1 ao Congresso uma lei para igualdade salarial entre homens e mulheres<\/a>\u00a0que exercem a mesma fun\u00e7\u00e3o. \u201cA quest\u00e3o da igualdade de oportunidade \u00e9 uma das bandeiras de luta do movimento sindical banc\u00e1rio. Um levantamento mais recente,\u00a0<a href=\"https:\/\/contrafcut.com.br\/noticias\/campanha-nacional-bancarias-pretas-recebem-59-da-media-dos-homens-brancos\/\" target=\"_blank\" rel=\"noopener noreferrer\">feito com base em dados do Rela\u00e7\u00e3o Anual de Informa\u00e7\u00f5es Sociais (RAIS) e divulgado por n\u00f3s<\/a>, mostra que enquanto um homem branco banc\u00e1rio ganha, em m\u00e9dia, R$ 10 mil, a mulher branca recebe R$ 7,8 mil. A situa\u00e7\u00e3o das mulheres negras \u00e9 ainda mais delicada: elas recebem apenas R$ 5,9 mil, em m\u00e9dia\u201d, explica Juvandia.<\/p>\n<p>Fernanda Lopes observa que a pauta deste ano, para o 8 de mar\u00e7o, \u201cpromovido pela CUT, centrais sindicais e movimentos sociais, faz a liga\u00e7\u00e3o entre democracia, autonomia econ\u00f4mica e trabalho digno, porque a desigualdade de g\u00eanero \u00e9 uma das consequ\u00eancias da injusti\u00e7a social\u201d.<\/p>\n<p>Juvandia Moreira destaca tamb\u00e9m que, \u201cao longo dos \u00faltimos quatro anos, houve um desmonte das pol\u00edticas p\u00fablicas\u201d.\u00a0<a href=\"https:\/\/g1.globo.com\/politica\/noticia\/2022\/09\/29\/governo-bolsonaro-propoe-94percent-menos-de-recursos-no-orcamento-para-combate-a-violencia-contra-mulheres-diz-levantamento.ghtml\">Um levantamento do Instituto de Estudos Socioecon\u00f4micos (Inesc)<\/a>, uma organiza\u00e7\u00e3o n\u00e3o governamental sem fins lucrativos, mostra que o governo Bolsonaro cortou 94% da verba destinada ao Minist\u00e9rio da Mulher para a prote\u00e7\u00e3o de g\u00eanero, nos or\u00e7amentos elaborados e enviado ao Congresso, referentes aos anos 2020 a 2023.<\/p>\n<p><strong>Veja o que j\u00e1 est\u00e1 programado para o dia 8 de mar\u00e7o:<br \/><\/strong><br \/>Bahia<\/p>\n<p>Salvador: caminha da Lapinha ao Pelourinho (trajeto 2 de Julho). Tema ser\u00e1 \u201cMulheres insubmissas protagonistas da democracia\u201d<\/p>\n<p>Cear\u00e1<\/p>\n<p>Fortaleza: ato na Pra\u00e7a do Ferreira a partir das 14h. O tema \u00e9 \u201cEm defesa da vida, pelo fim da fome, contra o racismo e a viol\u00eancia de g\u00eanero\u201d. A partir das 16h, haver\u00e1 caminhada e panfletagem pelo centro da cidade.<\/p>\n<p>Distrito Federal<\/p>\n<p>Bras\u00edlia: Marcha com concentra\u00e7\u00e3o no Eixo Cultural Ibero-americano (antiga Funarte), \u00e0s 26h. De l\u00e1, as mulheres seguem at\u00e9 o Pal\u00e1cio do Buriti, para exigir do GDF pol\u00edticas de enfrentamento \u00e0 viol\u00eancia de g\u00eanero.<\/p>\n<p>Mato Grosso do Sul<\/p>\n<p>Campo Grande \u2013 Ato \u00e0s 8h na Pra\u00e7a Ari Coelho. O tema \u00e9 \u201cMulheres em Resist\u00eancia, Sempre Vivas e contra todas as Formas de Viol\u00eancia\u201d.<\/p>\n<p>Paran\u00e1<\/p>\n<p>Curitiba: Marcha das Mulheres, com concentra\u00e7\u00e3o a partir das 16h na Pra\u00e7a Santos Andrade. \u00c0s 18h, acontecer\u00e1 um ato da Frente Feminista de Curitiba, Regi\u00e3o Metropolitana e Litoral. \u00c0s 19h, ocorrer\u00e1 a Marcha das Mulheres e seguir\u00e1 em caminhada at\u00e9 a Boca Maldita para o ato de encerramento<\/p>\n<p>S\u00e3o Paulo<\/p>\n<p>Capital: ato \u00e0s 17h no V\u00e3o Livre do Masp, na Avenida Paulista. \u201cMulheres em defesa da Democracia\u201d ser\u00e1 a bandeira levada \u00e0s ruas. Antes, \u00e0s 15h, haver\u00e1 atividade no Espa\u00e7o Cultural L\u00e9lia Abramo, na Rua Carlos Sampaio, 305 (pr\u00f3ximo \u00e0 Paulista).<\/p>\n<p>Limeira, S\u00e3o Paulo<\/p>\n<p>Atos a partir das 10h, na pra\u00e7a Toledo Barros.<\/p>\n<p><strong>Fonte: Contraf-CUT<\/strong><\/p>\n","protected":false},"excerpt":{"rendered":"<p>Nesta semana, centrais e movimentos sociais come\u00e7aram a divulgar os locais do pa\u00eds onde acontecer\u00e3o atividades, ao longo do m\u00eas e tamb\u00e9m no 8 de mar\u00e7o, em celebra\u00e7\u00e3o ao Dia Internacional da Mulher. \u201cO tema deste ano \u00e9 \u2018Mulheres por democracia, autonomia econ\u00f4mica e trabalho digno\u2019 com o lema \u2018Sem Mulher N\u00e3o tem Democracia\u2019\u201d, informa [&hellip;]<\/p>\n","protected":false},"author":2,"featured_media":13781,"comment_status":"","ping_status":"","sticky":false,"template":"","format":"standard","meta":{"footnotes":""},"categories":[3],"tags":[],"class_list":["post-13782","post","type-post","status-publish","format-standard","has-post-thumbnail","hentry","category-noticias"],"_links":{"self":[{"href":"https:\/\/hostnetart.com.br\/baixada\/wp-json\/wp\/v2\/posts\/13782","targetHints":{"allow":["GET"]}}],"collection":[{"href":"https:\/\/hostnetart.com.br\/baixada\/wp-json\/wp\/v2\/posts"}],"about":[{"href":"https:\/\/hostnetart.com.br\/baixada\/wp-json\/wp\/v2\/types\/post"}],"author":[{"embeddable":true,"href":"https:\/\/hostnetart.com.br\/baixada\/wp-json\/wp\/v2\/users\/2"}],"replies":[{"embeddable":true,"href":"https:\/\/hostnetart.com.br\/baixada\/wp-json\/wp\/v2\/comments?post=13782"}],"version-history":[{"count":0,"href":"https:\/\/hostnetart.com.br\/baixada\/wp-json\/wp\/v2\/posts\/13782\/revisions"}],"wp:featuredmedia":[{"embeddable":true,"href":"https:\/\/hostnetart.com.br\/baixada\/wp-json\/wp\/v2\/media\/13781"}],"wp:attachment":[{"href":"https:\/\/hostnetart.com.br\/baixada\/wp-json\/wp\/v2\/media?parent=13782"}],"wp:term":[{"taxonomy":"category","embeddable":true,"href":"https:\/\/hostnetart.com.br\/baixada\/wp-json\/wp\/v2\/categories?post=13782"},{"taxonomy":"post_tag","embeddable":true,"href":"https:\/\/hostnetart.com.br\/baixada\/wp-json\/wp\/v2\/tags?post=13782"}],"curies":[{"name":"wp","href":"https:\/\/api.w.org\/{rel}","templated":true}]}}