{"id":13776,"date":"2023-03-03T13:39:02","date_gmt":"2023-03-03T16:39:02","guid":{"rendered":"https:\/\/hostnetart.com.br\/baixada\/doacoes-a-vitimas-no-litoral-norte-paulista-devem-continuar\/"},"modified":"2023-03-03T13:39:02","modified_gmt":"2023-03-03T16:39:02","slug":"doacoes-a-vitimas-no-litoral-norte-paulista-devem-continuar","status":"publish","type":"post","link":"https:\/\/hostnetart.com.br\/baixada\/doacoes-a-vitimas-no-litoral-norte-paulista-devem-continuar\/","title":{"rendered":"Doa\u00e7\u00f5es a v\u00edtimas no litoral norte paulista devem continuar"},"content":{"rendered":"<p>Ainda s\u00e3o milhares as pessoas desalojadas e desabrigadas pelos desastres ambientais, por causa das fortes chuvas, no litoral norte de S\u00e3o Paulo. Assim, as a\u00e7\u00f5es humanit\u00e1rias e doa\u00e7\u00f5es devem seguir, como forma de amenizar seu sofrimento. Entre as cidades mais atingidas est\u00e3o S\u00e3o Sebasti\u00e3o, Ubatuba, Bertioga, Ilhabela, Guaruj\u00e1 e Caraguatatuba.<\/p>\n<p>Depois da localiza\u00e7\u00e3o de dezenas de mortos e a redu\u00e7\u00e3o do n\u00famero de desaparecidos, a m\u00eddia reduz a aten\u00e7\u00e3o, mas a situa\u00e7\u00e3o ainda \u00e9 de crise. Por isso, o Sindicato Solid\u00e1rio est\u00e1 intensificando suas a\u00e7\u00f5es. Nesta quarta (1\u00ba), a coordena\u00e7\u00e3o da campanha realizou uma reuni\u00e3o, por acesso remoto, com representantes de federa\u00e7\u00f5es de banc\u00e1rios de v\u00e1rias localidades do Brasil (imagem em destaque na ilustra\u00e7\u00e3o acima). O objetivo \u00e9 ramificar a divulga\u00e7\u00e3o da campanha solid\u00e1ria para as entidades sindicais e ampliar o volume de doa\u00e7\u00f5es.<\/p>\n<h3><strong>Atua\u00e7\u00e3o permanente<\/strong><\/h3>\n<p>Durante o encontro, v\u00e1rias propostas de a\u00e7\u00e3o do Sindicato Solid\u00e1rio foram apresentadas, em especial, para que as a\u00e7\u00f5es continuem mesmo ap\u00f3s este momento mais cr\u00edtico que as comunidades afetadas est\u00e3o vivendo. Entre as medidas que ser\u00e3o debatidas com mais detalhes e devem ser implantadas em breve, est\u00e1 a de promover uma campanha junto \u00e0s pr\u00f3prias entidades sindicais, para incrementar as doa\u00e7\u00f5es que j\u00e1 est\u00e3o sendo feitas pela categoria.<\/p>\n<p>Outra proposta \u00e9 a de criar uma comiss\u00e3o de representantes das institui\u00e7\u00f5es sindicais de banc\u00e1rios para monitorar as a\u00e7\u00f5es ap\u00f3s a fase do socorro de emerg\u00eancia \u00e0s v\u00edtimas. O \u00f3rg\u00e3o acompanharia todo o trabalho de recupera\u00e7\u00e3o urbana e social das regi\u00f5es afetadas e passaria a atuar no debate e na formula\u00e7\u00e3o de pol\u00edticas de preven\u00e7\u00e3o e de solu\u00e7\u00f5es mais duradoras para casos de cat\u00e1strofes naturais, sempre com grande foco na preserva\u00e7\u00e3o ambiental, uma necessidade para que se alcancem resultados no longo prazo.<\/p>\n<h3><strong>Outras a\u00e7\u00f5es<\/strong><\/h3>\n<p>Al\u00e9m da campanha por ajuda e doa\u00e7\u00f5es, o Sindicato Solid\u00e1rio est\u00e1 atuando junto a entidades sindicais, de governo e da sociedade civil, em busca de apoio \u00e0s v\u00edtimas do litoral norte paulista por outros caminhos. A Confedera\u00e7\u00e3o Nacional dos Trabalhadores do Ramo Financeiro (Contraf-CUT) est\u00e1 em di\u00e1logo institucional com a Federa\u00e7\u00e3o Brasileira dos Bancos (Febraban), para que os bancos participem das a\u00e7\u00f5es humanit\u00e1rias. Tamb\u00e9m est\u00e3o sendo encaminhadas a\u00e7\u00f5es junto a \u00f3rg\u00e3os p\u00fablicos, das esferas municipais, estadual e federal, tanto para iniciativas de solidariedade no momento atual, como para a\u00e7\u00f5es no sentido de se evitar que desastres parecidos se repitam.<\/p>\n<h3><strong>Beb\u00eas e crian\u00e7as<\/strong><\/h3>\n<p>No momento, as campanhas humanit\u00e1rias pedem mais doa\u00e7\u00f5es de roupas de beb\u00eas e crian\u00e7as, fraldas, leite em p\u00f3 para alimenta\u00e7\u00e3o infantil e mamadeiras. Os pedidos por alimento, \u00e1gua pot\u00e1vel e produtos de higiene e limpeza tamb\u00e9m continuam. Veja a seguir como ajudar.<\/p>\n<h3><strong>Fundo Social de Solidariedade<\/strong><\/h3>\n<p>O\u00a0<a href=\"https:\/\/www.fundosocial.sp.gov.br\/fundo-social-de-sao-paulo-solicita-voluntarios-para-acao-humanitaria-no-litoral-norte\/\" target=\"_blank\" rel=\"noopener noreferrer\">Fundo Social de S\u00e3o Paulo<\/a>\u00a0precisa de volunt\u00e1rios para a triagem das doa\u00e7\u00f5es, que devem ser organizadas em caixas separas de sapatos, roupas femininas, masculinas, infantis e \u00edntimas. Mais de 175 toneladas de doa\u00e7\u00f5es j\u00e1 foram enviadas desde domingo (26) para as v\u00edtimas. Podem voluntariar apenas maiores de 18 anos, pelo e-mail\u00a0<a href=\"mailto:doacoesfussp@sp.gov.br\">doacoesfussp@sp.gov.br<\/a>.<\/p>\n<p>\u00a0<\/p>\n<h3><strong>CUT de S\u00e3o Jos\u00e9 dos Campos<\/strong><\/h3>\n<p>A subsede da Central \u00danica dos Trabalhadores (CUT) de S\u00e3o Jos\u00e9 dos Campos est\u00e1 na campanha de solidariedade, inclusive como posto de doa\u00e7\u00f5es, em especial, alimento, \u00e1gua, roupa e produtos de higiene e limpeza. O que \u00e9 arrecadado est\u00e1 sendo transportado para S\u00e3o Sebasti\u00e3o de helic\u00f3ptero pelo Fundo de Solidariedade da cidade. A CUT fica na avenida S\u00e3o Jos\u00e9, 488, no Centro de S\u00e3o Jos\u00e9.<\/p>\n<h3><strong>Seeb\/Mogi das Cruzes<\/strong><\/h3>\n<p>Os banc\u00e1rios e banc\u00e1rias de Mogi das Cruzes est\u00e3o promovendo uma campanha solid\u00e1ria at\u00e9 esta sexta-feira (3), com arrecada\u00e7\u00e3o de comida, produto de higiene e limpeza e roupas, que ser\u00e3o enviados aos atingidos. As doa\u00e7\u00f5es devem ser entregues no ponto de arrecada\u00e7\u00e3o, \u00e0 rua Dr. Deodato Wertheimer, 2.319, na Vila Mogi Moderno.<\/p>\n<h3><strong>Instituto Verdescola<\/strong><\/h3>\n<p>A Contraf-CUT apoia o\u00a0<a href=\"https:\/\/verdescola.org.br\/\" target=\"_blank\" rel=\"noopener noreferrer\">Instituto Verdescola<\/a>, que est\u00e1 atuando com volunt\u00e1rios para ajudar desabrigados e feridos. Doa\u00e7\u00f5es podem ser feitas pelo PIX\u00a0<a href=\"mailto:verdescola@verdescola.org.br\">verdescola@verdescola.org.br<\/a>, por dep\u00f3sito em conta (banco Ita\u00fa, ag\u00eancia 8499, conta 28366-4, CNPJ 07.707.869\/0001-10) ou por cart\u00e3o de cr\u00e9dito, por meio deste\u00a0<a href=\"https:\/\/verdescola.org.br\/como-apoiar\/\" target=\"_blank\" rel=\"noopener noreferrer\">link no site da entidade<\/a>. A organiza\u00e7\u00e3o\u00a0<a href=\"https:\/\/doe.gerandofalcoes.com\/\" target=\"_blank\" rel=\"noopener noreferrer\">Gerando Falc\u00f5es<\/a>\u00a0est\u00e1 trabalhando em parceria com a Verdescola.<\/p>\n<h3><strong>Pets<\/strong><\/h3>\n<p>Muitas outras entidades tamb\u00e9m est\u00e3o com a\u00e7\u00f5es, algumas em quest\u00f5es espec\u00edficas, como prote\u00e7\u00e3o de animais de estima\u00e7\u00e3o. Esse \u00e9 o caso das organiza\u00e7\u00f5es\u00a0<a href=\"https:\/\/www.instagram.com\/grad_brasil\/?igshid=YmMyMTA2M2Y%3D\" target=\"_blank\" rel=\"noopener noreferrer\">Grupo de Resgate de Animais em Desastres (GRAD)<\/a>\u00a0e\u00a0<a href=\"https:\/\/www.instagram.com\/amparanimal\/\" target=\"_blank\" rel=\"noopener noreferrer\">Amparanimal<\/a>, por exemplo.<\/p>\n<h3><strong>Sindicato Solid\u00e1rio<\/strong><\/h3>\n<p>O\u00a0<a href=\"https:\/\/sindicatosolidario.com\/\" target=\"_blank\" rel=\"noopener noreferrer\">Sindicato Solid\u00e1rio<\/a>\u00a0surgiu na pandemia de covid-19, com o objetivo de preservar vidas. A iniciativa da Contraf-CUT, com a parceria de CUT, Intersindical e CTB, busca mobilizar entidades sindicais do ramo financeiro por uma postura humanit\u00e1ria de todos.<\/p>\n<p>Dezenas de federa\u00e7\u00f5es e sindicatos do ramo, em diversos estados, fazem parte do Sindicato Solid\u00e1rio (<a href=\"https:\/\/sindicatosolidario.com\/federacoes-e-sindicatos\/\" target=\"_blank\" rel=\"noopener noreferrer\">veja lista<\/a>). No site do Sindicato Solid\u00e1rio h\u00e1 informa\u00e7\u00f5es sobre como integrar a iniciativa e indicar entidades para receber doa\u00e7\u00f5es, al\u00e9m de\u00a0<a href=\"https:\/\/sindicatosolidario.com\/noticias\/\" target=\"_blank\" rel=\"noopener noreferrer\">not\u00edcias sobre a\u00e7\u00f5es anteriores<\/a>.<\/p>\n<p><strong>Fonte: Contraf-CUT<\/strong><\/p>\n","protected":false},"excerpt":{"rendered":"<p>Ainda s\u00e3o milhares as pessoas desalojadas e desabrigadas pelos desastres ambientais, por causa das fortes chuvas, no litoral norte de S\u00e3o Paulo. Assim, as a\u00e7\u00f5es humanit\u00e1rias e doa\u00e7\u00f5es devem seguir, como forma de amenizar seu sofrimento. Entre as cidades mais atingidas est\u00e3o S\u00e3o Sebasti\u00e3o, Ubatuba, Bertioga, Ilhabela, Guaruj\u00e1 e Caraguatatuba. Depois da localiza\u00e7\u00e3o de dezenas [&hellip;]<\/p>\n","protected":false},"author":2,"featured_media":13775,"comment_status":"","ping_status":"","sticky":false,"template":"","format":"standard","meta":{"footnotes":""},"categories":[3],"tags":[],"class_list":["post-13776","post","type-post","status-publish","format-standard","has-post-thumbnail","hentry","category-noticias"],"_links":{"self":[{"href":"https:\/\/hostnetart.com.br\/baixada\/wp-json\/wp\/v2\/posts\/13776","targetHints":{"allow":["GET"]}}],"collection":[{"href":"https:\/\/hostnetart.com.br\/baixada\/wp-json\/wp\/v2\/posts"}],"about":[{"href":"https:\/\/hostnetart.com.br\/baixada\/wp-json\/wp\/v2\/types\/post"}],"author":[{"embeddable":true,"href":"https:\/\/hostnetart.com.br\/baixada\/wp-json\/wp\/v2\/users\/2"}],"replies":[{"embeddable":true,"href":"https:\/\/hostnetart.com.br\/baixada\/wp-json\/wp\/v2\/comments?post=13776"}],"version-history":[{"count":0,"href":"https:\/\/hostnetart.com.br\/baixada\/wp-json\/wp\/v2\/posts\/13776\/revisions"}],"wp:featuredmedia":[{"embeddable":true,"href":"https:\/\/hostnetart.com.br\/baixada\/wp-json\/wp\/v2\/media\/13775"}],"wp:attachment":[{"href":"https:\/\/hostnetart.com.br\/baixada\/wp-json\/wp\/v2\/media?parent=13776"}],"wp:term":[{"taxonomy":"category","embeddable":true,"href":"https:\/\/hostnetart.com.br\/baixada\/wp-json\/wp\/v2\/categories?post=13776"},{"taxonomy":"post_tag","embeddable":true,"href":"https:\/\/hostnetart.com.br\/baixada\/wp-json\/wp\/v2\/tags?post=13776"}],"curies":[{"name":"wp","href":"https:\/\/api.w.org\/{rel}","templated":true}]}}